{"id":487,"date":"2020-07-17T18:27:40","date_gmt":"2020-07-17T16:27:40","guid":{"rendered":"https:\/\/kriik.al\/home\/?p=487"},"modified":"2020-12-28T19:33:59","modified_gmt":"2020-12-28T18:33:59","slug":"prishja-e-marreveshjes-politike-dhe-amendimi-i-njeanshem-i-kushtetutes-precedent-tejet-i-rrezikshem-per-te-ardhmen-demokratike-te-vendit","status":"publish","type":"post","link":"https:\/\/kriik.al\/home\/2020\/07\/17\/prishja-e-marreveshjes-politike-dhe-amendimi-i-njeanshem-i-kushtetutes-precedent-tejet-i-rrezikshem-per-te-ardhmen-demokratike-te-vendit\/","title":{"rendered":"Prishja e Marr\u00ebveshjes Politike dhe amendimi i nj\u00ebansh\u00ebm i Kushtetut\u00ebs, precedent tejet i rreziksh\u00ebm p\u00ebr t\u00eb ardhmen demokratike t\u00eb vendit"},"content":{"rendered":"\n<h3 class=\"wp-block-heading\">NJOFTIM PER SHTYP<\/h3>\n\n\n\n<p>Koalicioni p\u00ebr Reforma, Integrim dhe Institucione t\u00eb Konsoliduara (KRIIK Albania) n\u00eb ndjekje t\u00eb t\u00ebr\u00eb zhvillimet politike e institucionale, publikoi m\u00eb dat\u00eb 17 Korrik 2020, <a href=\"https:\/\/kriik.al\/home\/wp-content\/uploads\/2020\/07\/KRIIK-QendrimPublik-PrishjaEMarreveshjesEAmendimiIKushtetutes-PrecedentIRrezikshemPerDemokracine-17-07-2020.pdf\">QENDRIMIN PUBLIK<\/a> \u201cPrishja e Marr\u00ebveshjes Politike dhe amendimi i nj\u00ebansh\u00ebm i Kushtetut\u00ebs, precedent tejet i rreziksh\u00ebm p\u00ebr t\u00eb ardhmen demokratike t\u00eb vendit\u201d. <\/p>\n\n\n\n<p>N\u00ebp\u00ebrmjet tij, KRIIK deklaron se konfrontimi politik q\u00eb tanim\u00eb po rrezikon Marr\u00ebveshjen Politike t\u00eb 5 qershorit 2020, paraqet n\u00eb vetvete perspektiv\u00ebn e nj\u00eb ecurie akoma m\u00eb t\u00eb rrezikshme se ajo q\u00eb i parapriu dakord\u00ebsis\u00eb politike. <\/p>\n\n\n\n<p>Mbi precedent\u00ebt antidemokratik\u00eb t\u00eb shtres\u00ebzuar n\u00eb vijim\u00ebsi, n\u00eb nj\u00eb kontekst institucional kritik, po manifestohet edhe nj\u00eb precedent tjet\u00ebr i ri, totalisht i papranuesh\u00ebm p\u00ebr sistemin demokratik, c\u00ebnimi, pa marr\u00eb akoma jet\u00eb, i dakord\u00ebsis\u00eb dhe kompromisit t\u00eb lidershipit politik.<br>\nMosmiratimi me emergjenc\u00eb i k\u00ebsaj Marr\u00ebveshje dhe interferimi n\u00eb k\u00ebt\u00eb proces i agjendave t\u00eb tjera pa dakord\u00ebsi t\u00eb plot\u00eb dhe t\u00eb gjith\u00ebanshme politike po e \u00e7on vendin nga nj\u00eb precendent i rreziksh\u00ebm n\u00eb tjetrin.<\/p>\n\n\n\n<p>Procesi i amendimit Kushtetues t\u00eb nd\u00ebrmarr\u00eb s\u00eb fundi, p\u00ebrpos problematikave t\u00eb tjera q\u00eb mbart n\u00eb vetvete, \u00ebsht\u00eb nj\u00eb nd\u00ebrhyrje e nj\u00ebanshme e mazhoranc\u00ebs n\u00eb kund\u00ebrshtim me zotimin e marr\u00eb n\u00eb zbatim t\u00eb Marr\u00ebveshjes Politike t\u00eb 5 qershorit 2020. <br>\nN\u00eb Relacionin q\u00eb shoq\u00ebron projektligjin e dakord\u00ebsuar nga kjo Marr\u00ebveshje Politike deklarohet se k\u00ebto amendime mund\u00ebsojn\u00eb dakort\u00ebsin\u00eb politike t\u00eb pal\u00ebve p\u00ebr rregullat e loj\u00ebs n\u00eb zgjedhjet e p\u00ebrgjithshme dhe vendore t\u00eb rradh\u00ebs, si dhe p\u00ebrb\u00ebjn\u00eb baz\u00ebn ligjore t\u00eb ndryshuar me t\u00eb cil\u00ebn k\u00ebto dy procese zgjedhore do t\u00eb zhvillohen.<\/p>\n\n\n\n<p>Gjithashtu, KRIIK shprehet se Procesi i Amendimit t\u00eb Kushtetut\u00ebs i nd\u00ebrmarr\u00eb nga Kuvendi, me nj\u00eb proces konsultimi fiktiv, n\u00eb shkelje t\u00eb g\u00ebrm\u00ebs dhe frym\u00ebs s\u00eb ligjit dhe pa dakord\u00ebsi t\u00eb plot\u00eb politike,  konsiderohet si nj\u00eb veprim tejet i rreziksh\u00ebm. <br>\nKy hap q\u00eb po nd\u00ebrmerret, pas precedentit t\u00eb gjith\u00ebkritikuar t\u00eb ndryshimeve kushtetuese t\u00eb vitit  2008, \u00ebsht\u00eb finalizimi i \u00e7shenjt\u00ebrimit t\u00eb Kushtetut\u00ebs s\u00eb Republik\u00ebs s\u00eb Shqip\u00ebris\u00eb. <\/p>\n\n\n\n<p>KRIIK ngre me forc\u00eb alarmin q\u00eb ky precedent i ri dhe ky standard q\u00eb po vendoset, nga kjo mazhoranc\u00eb apo nga ajo q\u00eb do t\u00eb dal\u00eb nga zgjedhjet e ardhshme, mund t\u00eb p\u00ebrdoret duke zgjatur duart edhe drejt Reform\u00ebs n\u00eb Drejt\u00ebsi. <br>\nThemeli i k\u00ebsaj reforme, i cili jet\u00ebsohet n\u00eb vet\u00eb Kushtetut\u00ebn e Republik\u00ebs, n\u00ebn standardin e vendosur, nes\u00ebr mund t\u00eb tjet\u00ebrsohet duke b\u00ebr\u00eb nul vet\u00eb Reform\u00ebn dhe minuar projektin shtetformues demokratik.<\/p>\n\n\n\n<p>N\u00eb konsiderat\u00ebn e KRIIK, procesi amendues kushtetues ka t\u00ebr\u00eb legjitimitetin e duhur t\u00eb nis\u00eb prej kujtdo prej aktor\u00ebve politik\u00eb, por ai duhet t\u00eb siguroj\u00eb n\u00eb rradh\u00eb t\u00eb par\u00eb nj\u00eb proces t\u00eb mir\u00ebfillt\u00eb dhe t\u00eb v\u00ebrtet\u00eb konsultimi t\u00eb gjer\u00eb publik, t\u00eb siguroj\u00eb dakord\u00ebsin\u00eb m\u00eb t\u00eb gjer\u00eb t\u00eb mundshme t\u00eb t\u00ebr\u00eb aktor\u00ebve politik\u00eb e civil\u00eb, t\u00eb ket\u00eb n\u00eb dispozicion koh\u00ebn e mjaftueshme p\u00ebr nj\u00eb proces t\u00eb gjer\u00eb dhe efektiv konsultimi, si dhe t\u00eb tregoj\u00eb maturi duke p\u00ebrcaktuar hyrjen n\u00eb fuqi dhe zbatimin e amendamenteve t\u00eb konkluduara, n\u00eb procesin zgjedhor t\u00eb m\u00ebpassh\u00ebm, pas atij t\u00eb rradh\u00ebs <\/p>\n\n\n\n<p>Dokumentin e plot\u00eb n\u00eb formatin .pdf mund ta shkarkoni <a href=\"https:\/\/kriik.al\/home\/wp-content\/uploads\/2020\/07\/KRIIK-QendrimPublik-PrishjaEMarreveshjesEAmendimiIKushtetutes-PrecedentIRrezikshemPerDemokracine-17-07-2020.pdf\">K\u00cbTU<\/a>.<\/p>\n\n\n\n<p>Tiran\u00eb, m\u00eb 17 Korrik 2020 ! <\/p>\n","protected":false},"excerpt":{"rendered":"<p>NJOFTIM PER SHTYP Koalicioni p\u00ebr Reforma, Integrim dhe Institucione t\u00eb Konsoliduara (KRIIK Albania) n\u00eb ndjekje t\u00eb t\u00ebr\u00eb zhvillimet politike e institucionale, publikoi m\u00eb dat\u00eb 17 Korrik 2020, QENDRIMIN PUBLIK \u201cPrishja e Marr\u00ebveshjes Politike dhe amendimi i nj\u00ebansh\u00ebm i Kushtetut\u00ebs, precedent tejet i rreziksh\u00ebm p\u00ebr t\u00eb ardhmen demokratike t\u00eb vendit\u201d. N\u00ebp\u00ebrmjet tij, KRIIK deklaron se konfrontimi&#8230;<\/p>\n","protected":false},"author":3,"featured_media":0,"comment_status":"closed","ping_status":"closed","sticky":false,"template":"","format":"standard","meta":{"om_disable_all_campaigns":false,"_monsterinsights_skip_tracking":false,"_monsterinsights_sitenote_active":false,"_monsterinsights_sitenote_note":"","_monsterinsights_sitenote_category":0,"footnotes":""},"categories":[11],"tags":[],"class_list":["post-487","post","type-post","status-publish","format-standard","hentry","category-uncategorized-sq"],"aioseo_notices":[],"_links":{"self":[{"href":"https:\/\/kriik.al\/home\/wp-json\/wp\/v2\/posts\/487","targetHints":{"allow":["GET"]}}],"collection":[{"href":"https:\/\/kriik.al\/home\/wp-json\/wp\/v2\/posts"}],"about":[{"href":"https:\/\/kriik.al\/home\/wp-json\/wp\/v2\/types\/post"}],"author":[{"embeddable":true,"href":"https:\/\/kriik.al\/home\/wp-json\/wp\/v2\/users\/3"}],"replies":[{"embeddable":true,"href":"https:\/\/kriik.al\/home\/wp-json\/wp\/v2\/comments?post=487"}],"version-history":[{"count":2,"href":"https:\/\/kriik.al\/home\/wp-json\/wp\/v2\/posts\/487\/revisions"}],"predecessor-version":[{"id":489,"href":"https:\/\/kriik.al\/home\/wp-json\/wp\/v2\/posts\/487\/revisions\/489"}],"wp:attachment":[{"href":"https:\/\/kriik.al\/home\/wp-json\/wp\/v2\/media?parent=487"}],"wp:term":[{"taxonomy":"category","embeddable":true,"href":"https:\/\/kriik.al\/home\/wp-json\/wp\/v2\/categories?post=487"},{"taxonomy":"post_tag","embeddable":true,"href":"https:\/\/kriik.al\/home\/wp-json\/wp\/v2\/tags?post=487"}],"curies":[{"name":"wp","href":"https:\/\/api.w.org\/{rel}","templated":true}]}}