{"id":3223,"date":"2025-04-29T20:47:56","date_gmt":"2025-04-29T18:47:56","guid":{"rendered":"https:\/\/kriik.al\/home\/?p=3223"},"modified":"2025-04-29T20:48:05","modified_gmt":"2025-04-29T18:48:05","slug":"denoncim-nr-19-lidhur-me-perdorimin-e-burimeve-publike-per-fushate-elektorale-nga-kryeministri-ministrja-e-arsimit-dhe-sportit-dhe-kryetarja-ne-detyre-e-bashkise-tirane-ne-perfitim-te-sub","status":"publish","type":"post","link":"https:\/\/kriik.al\/home\/2025\/04\/29\/denoncim-nr-19-lidhur-me-perdorimin-e-burimeve-publike-per-fushate-elektorale-nga-kryeministri-ministrja-e-arsimit-dhe-sportit-dhe-kryetarja-ne-detyre-e-bashkise-tirane-ne-perfitim-te-sub\/","title":{"rendered":"DENONCIM Nr. 19 \u2013 Lidhur me p\u00ebrdorimin e burimeve publike p\u00ebr fushat\u00eb elektorale nga Kryeministri, Ministrja e Arsimit dhe Sportit dhe Kryetarja n\u00eb detyr\u00eb e Bashkis\u00eb Tiran\u00eb, n\u00eb p\u00ebrfitim t\u00eb Subjektit Zgjedhor &#8220;Partia Socialiste\u201d*"},"content":{"rendered":"\n<hr class=\"wp-block-separator has-alpha-channel-opacity\"\/>\n\n\n\n<p class=\"has-text-align-center\"><strong>Shkarko <a href=\"https:\/\/kriik.al\/home\/wp-content\/uploads\/2025\/04\/KRIIK-DENONCIM-Nr.19-Aktivitet-nw-shkelje-tw-Ligjit_Shkolla-B.Sykja-20250429.pdf\" target=\"_blank\" rel=\"noopener\" title=\"\">Denoncimin<\/a> ne pdf<\/strong><\/p>\n\n\n\n<hr class=\"wp-block-separator has-alpha-channel-opacity\"\/>\n\n\n\n<p><strong>&nbsp;&nbsp;   I nderuar z. Komisioner!<\/strong><\/p>\n\n\n\n<p><strong>&nbsp;&nbsp;&nbsp; <\/strong><strong>T\u00eb nderuar Drejtues t\u00eb Administrat\u00ebs s\u00eb KQZ-s\u00eb!<\/strong><strong><\/strong><\/p>\n\n\n\n<p><strong>&nbsp;&nbsp;&nbsp; T\u00eb nderuar An\u00ebtar\u00eb t\u00eb Komisionit t\u00eb Ankimimeve dhe Sanksioneve!<\/strong><\/p>\n\n\n\n<p>N\u00eb dat\u00ebn 2 prill 2024, n\u00eb ambientet e Gjimnazit \u201cBesnik Sykja\u201d n\u00eb Tiran\u00eb, \u00ebsht\u00eb zhvilluar aktiviteti \u201c<em>Transformimi i infrastruktur\u00ebs arsimore, rritja e pagave p\u00ebr m\u00ebsuesit, programet e reja p\u00ebr nx\u00ebn\u00ebsit dhe rritja e cil\u00ebsis\u00eb s\u00eb sistemit ton\u00eb arsimor jan\u00eb sot nj\u00eb realitet i ri, drejt Shqip\u00ebris\u00eb 2030 n\u00eb Bashkimin Europian<\/em>\u201d.<\/p>\n\n\n\n<p>N\u00eb k\u00ebt\u00eb aktivitet, kan\u00eb marr\u00eb pjes\u00eb n\u00eb cil\u00ebsin\u00eb e fol\u00ebsit, Kryetarja n\u00eb detyr\u00eb e Bashkis\u00eb Tiran\u00eb znj. Anuela Ristani, Ministrja e Arsimit dhe Sportit znj. Ogerta Manastirliu, si dhe Kryeministri SH.T.Z. Edi Rama.<\/p>\n\n\n\n<p><strong>Veprimtaria \u00ebsht\u00eb pasqyruar gjer\u00ebsisht m\u00eb mediat audio-vizive si dhe n\u00eb faqet zyrtare n\u00eb internet dhe rrjetet sociale t\u00eb institucioneve dhe drejtuersve t\u00eb tyre.<\/strong><\/p>\n\n\n\n<p>Nga konsultimi i&nbsp;<a rel=\"noreferrer noopener\" target=\"_blank\" href=\"https:\/\/aktivitete.kqz.gov.al\/#\/activities\/reports\">nd\u00ebrfaqes s\u00eb raportimeve<\/a>&nbsp;t\u00eb Komisionit Qendror t\u00eb Zgjedhjeve,&nbsp;<strong>ky aktivitet nuk \u00ebsht\u00eb raportuar.<\/strong><\/p>\n\n\n\n<p>Referuar postimeve n\u00eb faqet zyrtare n\u00eb Facebook, ku videot jan\u00eb LIVE, data e zhvillimit t\u00eb aktivitetit \u00ebsht\u00eb data 02.04.2025 n\u00eb or\u00ebn 16.00&nbsp;<em>(print screen dhe link-et p\u00ebrkat\u00ebse mund t\u2019i shihni n\u00eb fund t\u00eb k\u00ebtij dokumenti Lidhja Nr.1).<\/em><\/p>\n\n\n\n<p>Sipas fjal\u00ebs s\u00eb Ministres s\u00eb Arsimit dhe Sportit, n\u00eb aktivitet kan\u00eb qen\u00eb t\u00eb pranish\u00ebm p\u00ebrfaq\u00ebsues t\u00eb sistemit arsimor, m\u00ebsues, si dhe prind\u00ebr nga K\u00ebshillat e Prind\u00ebrve t\u00eb Tiran\u00ebs.<\/p>\n\n\n\n<p>N\u00eb fillim t\u00eb fjal\u00ebs s\u00eb saj (minuta 7 n\u00eb&nbsp;<a rel=\"noreferrer noopener\" target=\"_blank\" href=\"https:\/\/www.facebook.com\/OgertaManastirliu\/videos\/2619317194944363\">video<\/a>) Ministrja e Arsimit dhe Sportit \u00ebsht\u00eb shprehur: &nbsp;\u201c<em>P\u00ebrsh\u00ebndetje t\u00eb gjith\u00ebve ju. Dua t\u2019ju fal\u00ebnderoj p\u00ebr k\u00ebt\u00eb pjes\u00ebmarrje n\u00eb k\u00ebt\u00eb takim t\u00eb sot\u00ebm t\u00eb gjith\u00ebve ju,&nbsp;<a>prind\u00ebrit nga k\u00ebshillat e prind\u00ebrve t\u00eb Tiran\u00ebs, p\u00ebrfaq\u00ebsues t\u00eb sistemit ton\u00eb arsimor, m\u00ebsuesit tan\u00eb t\u00eb dashur, komunitetit t\u00eb nj\u00ebsis\u00eb nr. 5 t\u00eb Tiran\u00ebs<\/a>, n\u00eb k\u00ebt\u00eb takim ku do t\u00eb flasim p\u00ebr arsimin p\u00ebr pun\u00ebt e mira q\u00eb kemi b\u00ebr\u00eb, por ve\u00e7an\u00ebrisht edhe p\u00ebr nj\u00eb prej aspekteve m\u00eb t\u00eb r\u00ebnd\u00ebsish\u00ebm t\u00eb arsimit sikurse \u00ebsht\u00eb infrastruktura arsimore. (&#8230;)<\/em>\u201d.<\/p>\n\n\n\n<p>Nga fjalimet e Kryetares n\u00eb detyr\u00eb t\u00eb Bashkis\u00eb Tiran\u00eb, Ministres s\u00eb Arsimit dhe Sportit dhe Kryeministrit, n\u00eb takim&nbsp;<strong>b\u00ebhet nj\u00eb paraqitjeve e arritjeve t\u00eb qeveris\u00eb n\u00eb fush\u00ebn e arsimit,<\/strong>&nbsp;me nj\u00eb fokus t\u00eb ve\u00e7ante n\u00eb infrastruktur\u00ebn arsimore, shkollat e nd\u00ebrtuara si dhe&nbsp; rritjen e pagave t\u00eb m\u00ebsues\u00ebve.<\/p>\n\n\n\n<p>&nbsp;Fjalimet e tyre jan\u00eb publikuar n\u00eb faqet zyrtare t\u00eb internetit t\u00eb institucioneve p\u00ebrkat\u00ebse, si&nbsp;<a rel=\"noreferrer noopener\" target=\"_blank\" href=\"https:\/\/www.kryeministria.al\/newsroom\/transformim-i-infrastruktures-arsimore-dhe-rritje-e-cilesise-se-sistemit-arsimor-per-shqiperine-2030-ne-be\/\">Kryeministria<\/a>&nbsp;dhe&nbsp;<a rel=\"noreferrer noopener\" target=\"_blank\" href=\"https:\/\/arsimi.gov.al\/rama-manastirliu-transformim-rrenjesor-i-infrastruktures-arsimore-program-i-ri-pas-shkolle-per-femijet-rrisim-pagat-e-mesuesve-ne-1250-euro\/\">Ministria e Arsimit dhe Sportit<\/a>.&nbsp;<em>(Publikimet n\u00eb faqet zyrtare t\u00eb internetit t\u00eb institucioneve, si dhe n\u00eb faqet zyrtare n\u00eb rrjetet sociale t\u00eb institucioneve dhe drejtues\u00ebve t\u00eb tyre, jan\u00eb paraqitur n\u00eb Lidhjen nr. 1 n\u00eb fund t\u00eb k\u00ebtij denoncimi).<\/em><\/p>\n\n\n\n<p>P\u00ebrpos fjalimeve, n\u00eb&nbsp;<a rel=\"noreferrer noopener\" target=\"_blank\" href=\"https:\/\/www.facebook.com\/OgertaManastirliu\/videos\/2619317194944363\">videon e publikuar<\/a>&nbsp;p\u00ebr k\u00ebt\u00eb aktivitet,&nbsp;<strong>v\u00ebrehet shfaqja vizuale e banerave t\u00eb cil\u00ebt p\u00ebrmbajn\u00eb logon e Subjektit Zgjedhor \u201cPartia Socialiste e Shqip\u00ebris\u00eb\u201d, si dhe premtimet elektorale p\u00ebr mandatin e kat\u00ebrt t\u00eb synuar n\u00eb k\u00ebt\u00eb proces zgjedhor nga Partia Socialiste<\/strong>&nbsp;lidhur me, p\u00ebrmir\u00ebsimin e infrastruktur\u00ebs s\u00eb shkollave, nd\u00ebrtimit t\u00eb shkollave t\u00eb reja si dhe rritjen e pag\u00ebs s\u00eb m\u00ebsues\u00ebve.<\/p>\n\n\n\n<p><strong>K\u00ebto element\u00eb qartazi identifikojn\u00eb nj\u00eb aktivitet me p\u00ebrmbajtje elektorale<\/strong>. &nbsp;<\/p>\n\n\n\n<p>P\u00ebr ilustrim, disa printscreen-e m\u00eb posht\u00eb, ku shihet qart\u00eb \u201c<strong>mandati i kat\u00ebrt<\/strong>\u201d, premtimet p\u00ebrkat\u00ebse t\u00eb PSSH, slogani elektoral \u201c<strong>Shqip\u00ebria 2030<\/strong>\u201d si dhe&nbsp;<strong>#PartiaSocialiste<\/strong>:<\/p>\n\n\n\n<figure class=\"wp-block-image size-full\"><img loading=\"lazy\" decoding=\"async\" width=\"553\" height=\"350\" src=\"https:\/\/kriik.al\/home\/wp-content\/uploads\/2025\/04\/image.png\" alt=\"\" class=\"wp-image-3224\" srcset=\"https:\/\/kriik.al\/home\/wp-content\/uploads\/2025\/04\/image.png 553w, https:\/\/kriik.al\/home\/wp-content\/uploads\/2025\/04\/image-300x190.png 300w\" sizes=\"auto, (max-width: 553px) 100vw, 553px\" \/><\/figure>\n\n\n\n<figure class=\"wp-block-image size-full\"><img loading=\"lazy\" decoding=\"async\" width=\"561\" height=\"307\" src=\"https:\/\/kriik.al\/home\/wp-content\/uploads\/2025\/04\/image-1.png\" alt=\"\" class=\"wp-image-3226\" srcset=\"https:\/\/kriik.al\/home\/wp-content\/uploads\/2025\/04\/image-1.png 561w, https:\/\/kriik.al\/home\/wp-content\/uploads\/2025\/04\/image-1-300x164.png 300w\" sizes=\"auto, (max-width: 561px) 100vw, 561px\" \/><\/figure>\n\n\n\n<figure class=\"wp-block-image size-full\"><img loading=\"lazy\" decoding=\"async\" width=\"543\" height=\"292\" src=\"https:\/\/kriik.al\/home\/wp-content\/uploads\/2025\/04\/image-2.png\" alt=\"\" class=\"wp-image-3227\" srcset=\"https:\/\/kriik.al\/home\/wp-content\/uploads\/2025\/04\/image-2.png 543w, https:\/\/kriik.al\/home\/wp-content\/uploads\/2025\/04\/image-2-300x161.png 300w\" sizes=\"auto, (max-width: 543px) 100vw, 543px\" \/><\/figure>\n\n\n\n<figure class=\"wp-block-image size-full\"><img loading=\"lazy\" decoding=\"async\" width=\"561\" height=\"307\" src=\"https:\/\/kriik.al\/home\/wp-content\/uploads\/2025\/04\/image-1.png\" alt=\"\" class=\"wp-image-3225\" srcset=\"https:\/\/kriik.al\/home\/wp-content\/uploads\/2025\/04\/image-1.png 561w, https:\/\/kriik.al\/home\/wp-content\/uploads\/2025\/04\/image-1-300x164.png 300w\" sizes=\"auto, (max-width: 561px) 100vw, 561px\" \/><\/figure>\n\n\n\n<p>N\u00eb gjykimin e KRIIK,&nbsp;<strong>aktiviteti, pavar\u00ebsisht n\u00ebse \u00ebsht\u00eb institucional apo n\u00eb kuad\u00ebr t\u00eb fushat\u00ebs zgjedhore, p\u00ebrb\u00ebn p\u00ebrdorim t\u00eb burimeve publike dhe autoritetit shtet\u00ebror n\u00eb funksion t\u00eb fushat\u00ebs elektorale t\u00eb Subjektit Zgjedhor \u201cPartia Socialiste e Shqip\u00ebris\u00eb\u201d.<\/strong><\/p>\n\n\n\n<ol start=\"1\" class=\"wp-block-list\">\n<li><strong><u>Mund\u00ebsia e par\u00eb<\/u><\/strong><\/li>\n<\/ol>\n\n\n\n<p><strong>N\u00ebse ky aktivitet do t\u00eb konsiderohet si nj\u00eb takim me natyr\u00eb partiake e elektorale<\/strong>, at\u00ebher\u00eb aktiviteti qartas \u00ebsht\u00eb zhvilluar n\u00eb ambientet e nj\u00eb shkolle,&nbsp;<strong>\u00e7ka \u00ebsht\u00eb n\u00eb kund\u00ebrshtim me ligjin.<\/strong><\/p>\n\n\n\n<p><strong>Nga k\u00ebqyrja e videos s\u00eb postuar<\/strong>&nbsp;mbi k\u00ebt\u00eb takim&nbsp;<em>(printscreen-et mund t\u00eb shihni n\u00eb fund t\u00eb k\u00ebtij dokumenti Lidhja Nr.1)<\/em>,&nbsp;<strong>takimi elektoral \u00ebsht\u00eb zhvilluar n\u00eb palestr\u00ebn e shkoll\u00ebs<\/strong>.<\/p>\n\n\n\n<p>Kodi Zgjedhor, n\u00eb nenin 91 pika 1 dhe 2 p\u00ebrcakton se: &nbsp;<\/p>\n\n\n\n<p>\u201c&nbsp;<em>1. Me p\u00ebrjashtim t\u00eb rasteve t\u00eb parashikuara me ligj, nuk mund t\u00eb p\u00ebrdoren ose t\u00eb vihen n\u00eb mb\u00ebshtetje t\u00eb kandidat\u00ebve, t\u00eb partive politike ose t\u00eb koalicioneve n\u00eb zgjedhje burime t\u00eb organeve apo enteve publike n\u00eb nivel qendror ose vendor, apo \u00e7do lloj enti tjet\u00ebr ku shteti zot\u00ebron kapitale apo kuota ose\/dhe em\u00ebron shumic\u00ebn e organit mbik\u00ebqyr\u00ebs apo organit administrues t\u00eb entit, pavar\u00ebsisht nga burimi i kapitalit ose pron\u00ebsia. 2. N\u00eb kuptim t\u00eb k\u00ebtij neni, \u201cburime\u201d quhen asetet e luajtshme dhe t\u00eb paluajtshme, t\u00eb parashikuara n\u00eb nenin 142 t\u00eb Kodit Civil, si dhe \u00e7do burim njer\u00ebzor i institucionit. Me p\u00ebrdorim t\u00eb \u201cburimeve njer\u00ebzore\u201d kuptohet p\u00ebrdorimi i detyruar n\u00eb fushat\u00eb zgjedhore i administrat\u00ebs s\u00eb institucionit brenda orarit t\u00eb pun\u00ebs p\u00ebr q\u00ebllime zgjedhore, si dhe p\u00ebrdorimi i detyruar dhe i organizuar brenda orarit m\u00ebsimor i nx\u00ebn\u00ebsve t\u00eb sistemit shkollor parauniversitar n\u00eb fushat\u00eb zgjedhore. Me p\u00ebrdorim t\u00eb burimeve njer\u00ebzore kuptohet gjithashtu premtimi ose ofrimi i p\u00ebrfitimeve n\u00ebpun\u00ebsve publik\u00eb, ose nx\u00ebn\u00ebsve p\u00ebr t\u00eb marr\u00eb pjes\u00eb n\u00eb veprimtari q\u00eb lidhen me fushat\u00ebn zgjedhore jasht\u00eb orarit t\u00eb pun\u00ebs ose m\u00ebsimit, si dhe ushtrimi i presionit ndaj tyre p\u00ebr k\u00ebt\u00eb q\u00ebllim<\/em>.\u201d.<\/p>\n\n\n\n<p>Gjithashtu, edhe Vendimi nr. 9 dat\u00eb 24.12.2020 i Komisionit Rregullator, n\u00eb nenin 3, pika 1.3\/C p\u00ebrcakton se:&nbsp; &nbsp;&nbsp;<\/p>\n\n\n\n<p><em>\u201cveprimtari t\u00eb ndaluara\u201d, jan\u00eb edhe ato veprimtari q\u00eb p\u00ebrfshijn\u00eb: \u201cv\u00ebnien n\u00eb dispozicion&nbsp;<\/em><strong><em>t\u00eb aseteve t\u00eb luajtshme dhe t\u00eb paluajtshme&nbsp;<\/em><\/strong><em>t\u00eb parashikuara n\u00eb nenin 142, t\u00eb ligjit 7850, dat\u00eb 29.7.1994, \u201cP\u00ebr Kodin Civil t\u00eb Republik\u00ebs s\u00eb Shqip\u00ebris\u00eb\u201d, t\u00eb ndryshuar, p\u00ebr q\u00ebllime zgjedhore,&nbsp;<\/em><strong><em>q\u00eb jan\u00eb n\u00eb pron\u00ebsi apo administrim t\u00eb organeve&nbsp;<\/em><\/strong><em>apo enteve publike n\u00eb nivel qendror ose t\u00eb nj\u00ebsive t\u00eb vet\u00ebqeverisjes vendore, apo enteve publike n\u00eb nivel qendror ose t\u00eb nj\u00ebsive t\u00eb vet\u00ebqeverisjes vendore, apo \u00e7dolloj enti tjet\u00ebr ku shteti zot\u00ebron kapital\/kuota\/aksione ose\/dhe em\u00ebron shumic\u00ebn e organit mbik\u00ebqyr\u00ebs apo organit administrues t\u00eb entit\u201d.<\/em><\/p>\n\n\n\n<p>Nga sa m\u00eb sip\u00ebr konstatohet se&nbsp;<strong>Kryeministri, Ministrja e Arsimit dhe Sportit, Kryetarja n\u00eb detyr\u00eb t\u00eb Bashkis\u00eb Tiran\u00eb&nbsp;kan\u00eb p\u00ebrdorur burime publike&nbsp;<\/strong>n\u00eb mb\u00ebshtetje t\u00eb fushat\u00ebs elektorale t\u00eb&nbsp;<strong>Subjektit Zgjedhor \u201cPartia Socialiste e Shqip\u00ebris\u00eb\u201d<\/strong>&nbsp;dhe jan\u00eb n\u00eb shkelje t\u00eb&nbsp;<strong>t\u00eb nenit 91, pika 1, t\u00eb Kodit Zgjedhor dhe pik\u00ebs 2, t\u00eb nenit 3, t\u00eb Vendimit nr. 9, dat\u00eb 24.12.2020, t\u00eb Komisionit Rregullator<\/strong>.<\/p>\n\n\n\n<p>Gjithashtu, duke qen\u00eb se veprimtaria&nbsp;<strong>veprimtaria elektorale \u00ebsht\u00eb kryer n\u00eb ambientet e palestr\u00ebs s\u00eb shkoll\u00ebs, n\u00eb shkelje t\u00eb t\u00eb nj\u00ebjt\u00ebs dispozit\u00eb, ndodhet edhe &nbsp;Drejtuesi\/ja e k\u00ebsaj shkolle<\/strong>.<\/p>\n\n\n\n<p>Madje n\u00eb k\u00ebt\u00eb rast duke qen\u00eb se sipas Ministres s\u00eb Arsimit pjes\u00ebmarr\u00ebs jan\u00eb&nbsp;<em>prind\u00ebrit nga k\u00ebshillat e prind\u00ebrve t\u00eb Tiran\u00ebs, p\u00ebrfaq\u00ebsues t\u00eb sistemit ton\u00eb arsimor, m\u00ebsuesit tan\u00eb t\u00eb dashur, komunitetit t\u00eb nj\u00ebsis\u00eb nr. 5 t\u00eb Tiran\u00ebs, etj.,&nbsp;<\/em><strong>kemi t\u00eb b\u00ebjm\u00eb me p\u00ebrdorimin e autoritetit shtet\u00ebror p\u00ebr pjes\u00ebmarrje t\u00eb organizuar pas orarit zyrtar n\u00eb funksion t\u00eb nj\u00eb tubimi partiak e elektoral,&nbsp;<\/strong>\u00e7ka p\u00ebrb\u00ebn s\u00ebrish shkelje t\u00eb hapur t\u00eb Ligjit.<\/p>\n\n\n\n<ol start=\"2\" class=\"wp-block-list\">\n<li><strong><u>Mund\u00ebsia e dyt\u00eb<\/u><\/strong><\/li>\n<\/ol>\n\n\n\n<p><strong>N\u00ebse aktiviteti do t\u00eb konsiderohet veprimtari e karakterit institucional<\/strong>, at\u00ebher\u00eb:<\/p>\n\n\n\n<ol start=\"1\" class=\"wp-block-list\">\n<li>Aktiviteti\u00a0<strong>\u00ebsht\u00eb i pa raportuar<\/strong>\u00a0n\u00eb nd\u00ebrfaqen e KQZ.<\/li>\n\n\n\n<li>Aktiviteti\u00a0<strong>\u00ebsht\u00eb p\u00ebrdorur p\u00ebr q\u00ebllime dhe p\u00ebrfitime elektorale n\u00eb p\u00ebrfitim t\u00eb Subjektit Zgjedhor \u201cPartia Socialiste e Shqip\u00ebris\u00eb\u201d<\/strong>.\u00a0<\/li>\n<\/ol>\n\n\n\n<p>Kodi Zgjedhor, n\u00eb nenin 92 pika 1 p\u00ebrcakton se: &nbsp; &nbsp;\u201c1.&nbsp;<em>Institucionet publike, qendrore dhe vendore, si dhe agjencit\u00eb dhe\/ose nd\u00ebrmarrjet shtet\u00ebrore,&nbsp;<\/em><strong><em>jan\u00eb t\u00eb detyruara t\u00eb raportojn\u00eb n\u00eb KQZ t\u00eb gjitha veprimtarit\u00eb me karakter publik<\/em><\/strong><em>&nbsp;q\u00eb planifikojn\u00eb t\u00eb zhvillojn\u00eb n\u00eb periudh\u00ebn kat\u00ebr muaj para dat\u00ebs s\u00eb zgjedhjeve deri dit\u00ebn e zgjedhjeve. Formojn\u00eb veprimtari publike t\u00eb gjitha veprimtarit\u00eb q\u00eb jan\u00eb t\u00eb hapura p\u00ebr pjes\u00ebmarrjen e publikut apo t\u00eb medias, si dhe ato q\u00eb kan\u00eb n\u00eb agjend\u00eb informimin, n\u00eb periudh\u00ebn kat\u00ebr muaj para dat\u00ebs s\u00eb zgjedhjeve deri dit\u00ebn e zgjedhjeve, e publikut rreth tyre<\/em>.\u201d<\/p>\n\n\n\n<p>Kodi Zgjedhor n\u00eb nenin 81 n\u00eb pik\u00ebn 3 p\u00ebrcakton se:&nbsp; \u201c<em>Veprimtaria ndjek q\u00ebllime elektorale kur ajo synon promovimin e arritjeve institucionale, t\u00eb investimeve, inaugurimeve ose ecurin\u00eb n\u00eb nd\u00ebrtimin e pun\u00ebve publike ose kur promovon aspekte specifike t\u00eb programit&nbsp; elektoral t\u00eb subjektit zgjedhor<\/em>\u201d.<\/p>\n\n\n\n<p>Referuar gjith\u00eb sa m\u00eb sip\u00ebr, n\u00eb gjykimin e KRIIK,&nbsp;<strong>aktiviteti objekt denoncimi \u00ebsht\u00eb zhvilluar n\u00eb shkelje t\u00eb kuadrit ligjor<\/strong>&nbsp;dhe si i till\u00eb,&nbsp;<strong>KQZ-ja nevojitet t\u00eb sanksionoj\u00eb Kryeministrin, Ministren e Arsimit dhe Sportit, Kryetaren n\u00eb detyr\u00eb t\u00eb Bashkis\u00eb Tiran\u00eb, Drejtuesin\/en e Shkoll\u00ebs \u201cBesnik Sykja\u201d, si dhe subjektin zgjedhor \u201cPartia Socialiste e Shqip\u00ebris\u00eb\u201d,<\/strong>&nbsp;e cila \u00ebsht\u00eb p\u00ebrfituesja kryesore nga ky aktivitet, bazuar n\u00eb nenet 171 dhe 172 t\u00eb Kodit Zgjedhor.<\/p>\n\n\n\n<hr class=\"wp-block-separator has-alpha-channel-opacity\"\/>\n\n\n\n<p><em>*Ky Denoncim p\u00ebrmban Lidhje ku ilustrohen problematikat e p\u00ebrmendura, me fotografi dhe lidhje p\u00ebr n\u00eb faqet e internetit. Lidhjet mund te shihen ne versionin pdf te <a href=\"https:\/\/kriik.al\/home\/wp-content\/uploads\/2025\/04\/KRIIK-DENONCIM-Nr.19-Aktivitet-nw-shkelje-tw-Ligjit_Shkolla-B.Sykja-20250429.pdf\" target=\"_blank\" rel=\"noopener\" title=\"\">Denoncimit<\/a><\/em>.<\/p>\n","protected":false},"excerpt":{"rendered":"<p>Shkarko Denoncimin ne pdf &nbsp;&nbsp; I nderuar z. Komisioner! &nbsp;&nbsp;&nbsp; T\u00eb nderuar Drejtues t\u00eb Administrat\u00ebs s\u00eb KQZ-s\u00eb! &nbsp;&nbsp;&nbsp; T\u00eb nderuar An\u00ebtar\u00eb t\u00eb Komisionit t\u00eb Ankimimeve dhe Sanksioneve! N\u00eb dat\u00ebn 2 prill 2024, n\u00eb ambientet e Gjimnazit \u201cBesnik Sykja\u201d n\u00eb Tiran\u00eb, \u00ebsht\u00eb zhvilluar aktiviteti \u201cTransformimi i infrastruktur\u00ebs arsimore, rritja e pagave p\u00ebr m\u00ebsuesit, programet e reja&#8230;<\/p>\n","protected":false},"author":4,"featured_media":0,"comment_status":"closed","ping_status":"closed","sticky":false,"template":"","format":"standard","meta":{"om_disable_all_campaigns":false,"_monsterinsights_skip_tracking":false,"_monsterinsights_sitenote_active":false,"_monsterinsights_sitenote_note":"","_monsterinsights_sitenote_category":0,"footnotes":"[]"},"categories":[161,192],"tags":[],"class_list":["post-3223","post","type-post","status-publish","format-standard","hentry","category-denoncime","category-zgjedhje-2025"],"aioseo_notices":[],"_links":{"self":[{"href":"https:\/\/kriik.al\/home\/wp-json\/wp\/v2\/posts\/3223","targetHints":{"allow":["GET"]}}],"collection":[{"href":"https:\/\/kriik.al\/home\/wp-json\/wp\/v2\/posts"}],"about":[{"href":"https:\/\/kriik.al\/home\/wp-json\/wp\/v2\/types\/post"}],"author":[{"embeddable":true,"href":"https:\/\/kriik.al\/home\/wp-json\/wp\/v2\/users\/4"}],"replies":[{"embeddable":true,"href":"https:\/\/kriik.al\/home\/wp-json\/wp\/v2\/comments?post=3223"}],"version-history":[{"count":1,"href":"https:\/\/kriik.al\/home\/wp-json\/wp\/v2\/posts\/3223\/revisions"}],"predecessor-version":[{"id":3228,"href":"https:\/\/kriik.al\/home\/wp-json\/wp\/v2\/posts\/3223\/revisions\/3228"}],"wp:attachment":[{"href":"https:\/\/kriik.al\/home\/wp-json\/wp\/v2\/media?parent=3223"}],"wp:term":[{"taxonomy":"category","embeddable":true,"href":"https:\/\/kriik.al\/home\/wp-json\/wp\/v2\/categories?post=3223"},{"taxonomy":"post_tag","embeddable":true,"href":"https:\/\/kriik.al\/home\/wp-json\/wp\/v2\/tags?post=3223"}],"curies":[{"name":"wp","href":"https:\/\/api.w.org\/{rel}","templated":true}]}}