{"id":3036,"date":"2025-02-12T19:38:53","date_gmt":"2025-02-12T18:38:53","guid":{"rendered":"https:\/\/kriik.al\/home\/?p=3036"},"modified":"2025-02-12T19:38:57","modified_gmt":"2025-02-12T18:38:57","slug":"denoncim-nr-5-lidhur-me-perdorimin-ne-postimet-e-aktiviteteve-institucionale-te-disa-institucioneve-te-varesise-se-ministrise-se-infrastruktures-dhe-energjise-te-sloganeve-hashtag-eve-par","status":"publish","type":"post","link":"https:\/\/kriik.al\/home\/2025\/02\/12\/denoncim-nr-5-lidhur-me-perdorimin-ne-postimet-e-aktiviteteve-institucionale-te-disa-institucioneve-te-varesise-se-ministrise-se-infrastruktures-dhe-energjise-te-sloganeve-hashtag-eve-par\/","title":{"rendered":"DENONCIM Nr. 5 \u2013 Lidhur me p\u00ebrdorimin n\u00eb postimet e aktiviteteve institucionale t\u00eb disa Institucioneve t\u00eb var\u00ebsis\u00eb s\u00eb Ministris\u00eb s\u00eb Infrastruktur\u00ebs dhe Energjis\u00eb t\u00eb sloganeve \/ hashtag-eve partiak\u00eb \/ elektoral\u00eb: #KrenarP\u00ebrShqip\u00ebrin\u00eb, #Vet\u00ebmP\u00ebrpara\u00a0 dhe \u00a0 #Shqip\u00ebria2030*"},"content":{"rendered":"\n<hr class=\"wp-block-separator has-alpha-channel-opacity\"\/>\n\n\n\n<p class=\"has-text-align-center\"><strong>Shkarko <a href=\"https:\/\/kriik.al\/home\/wp-content\/uploads\/2025\/02\/KRIIK-DENONCIM-Nr.5-Sloganet_Hashtag-et_Instit_Varesie_MIE-202502012.pdf\" target=\"_blank\" rel=\"noopener\" title=\"\">Denoncimin<\/a> ne pdf<\/strong><\/p>\n\n\n\n<hr class=\"wp-block-separator has-alpha-channel-opacity\"\/>\n\n\n\n<p><strong>\u00a0\u00a0   I nderuar z. Komisioner!<\/strong><\/p>\n\n\n\n<p><strong>&nbsp;&nbsp;&nbsp; <\/strong><strong>T\u00eb nderuar Drejtues t\u00eb Administrat\u00ebs s\u00eb KQZ-s\u00eb!<\/strong><strong><\/strong><\/p>\n\n\n\n<p><strong>&nbsp;&nbsp;&nbsp; T\u00eb nderuar An\u00ebtar\u00eb t\u00eb Komisionit t\u00eb Ankimimeve dhe Sanksioneve!<\/strong><\/p>\n\n\n\n<p>Sikurse jeni n\u00eb dijeni, nj\u00eb nga denoncimet e p\u00ebrcjella nga KRIIK n\u00eb KQZ p\u00ebrgjat\u00eb procesit t\u00eb Zgjedhjeve Vendore 2023, ka qen\u00eb p\u00ebrdorimi i faqeve zyrtare t\u00eb institucioneve n\u00eb rrjetet sociale p\u00ebr postime me karakter elektoral.&nbsp;<\/p>\n\n\n\n<p>Nj\u00eb nga rastet p\u00ebr kategorizim t\u00eb till\u00eb, i pranuar si shkelje dhe q\u00eb \u00ebsht\u00eb sanksionuar n\u00ebp\u00ebrmjet vendimmarrjes s\u00eb Komisionerit Shtet\u00ebror t\u00eb Zgjedhjeve dhe Komisionit t\u00eb Ankimimeve dhe Sanksioneve, ishte p\u00ebrdorimi i hashtag-eve n\u00eb postimet n\u00eb k\u00ebto faqe.&nbsp;<\/p>\n\n\n\n<p>Pavar\u00ebsisht se kjo lloj shkeljeje n\u00eb vitin 2023 u sanksionua, KRIIK <strong>v\u00ebren me shqet\u00ebsim se disa institucione vijuan t\u2019i p\u00ebrdorin edhe pas zgjedhjeve 2023.<\/strong><\/p>\n\n\n\n<p>P\u00ebrgjat\u00eb gjith\u00eb periudh\u00ebs parazgjedhore, prej nisjes s\u00eb periudh\u00ebs kat\u00ebrmujore m\u00eb dat\u00eb 11 janar 2025 e deri m\u00eb sot, n\u00eb <strong>Faqet Zyrtare n\u00eb Facebook t\u00eb disa Institucioneve t\u00eb var\u00ebsis\u00eb s\u00eb Ministris\u00eb s\u00eb Infrastruktur\u00ebs dhe Energjis\u00eb<\/strong> jan\u00eb duke u p\u00ebrdorur <strong>sloganet elektoral\u00eb t\u00eb Partis\u00eb Socialiste<\/strong>, n\u00eb form\u00ebn e hashtag-eve (#) dhe konkretisht:<\/p>\n\n\n\n<p>1 &#8211;&nbsp; &nbsp; <a href=\"https:\/\/www.facebook.com\/hashtag\/t%C3%ABbashkuarjot%C3%ABndar%C3%AB?__eep__=6&amp;__cft__%5b0%5d=AZUG4MtKkCHqAgrfg0XcZBdnzjd3VkjRcc4M9nIdegv2XkU9g5dcxxEkJHVaUvgBjRKTS681WQtgimE1Rnmy7XqK1rIW-Mlt3HISJW2noZJbA2-la2dcTSVGnRBehi8Mht0J_qdCrTd5QJF-_aY7aKwwfDjBNxXvQkrlZ8AlEOj58BIer4lVZOjYKOeeEo9YV5Q&amp;__tn__=*NK-R\">#KrenarP\u00ebrShqip\u00ebrin\u00eb<\/a>;<\/p>\n\n\n\n<p>2 &#8211;&nbsp; &nbsp; <a href=\"https:\/\/www.facebook.com\/hashtag\/shqip%C3%ABriaeardhmjajon%C3%AB?__eep__=6&amp;__cft__%5b0%5d=AZUG4MtKkCHqAgrfg0XcZBdnzjd3VkjRcc4M9nIdegv2XkU9g5dcxxEkJHVaUvgBjRKTS681WQtgimE1Rnmy7XqK1rIW-Mlt3HISJW2noZJbA2-la2dcTSVGnRBehi8Mht0J_qdCrTd5QJF-_aY7aKwwfDjBNxXvQkrlZ8AlEOj58BIer4lVZOjYKOeeEo9YV5Q&amp;__tn__=*NK-R\">#Vet\u00ebmP\u00ebrpara<\/a>;&nbsp;<\/p>\n\n\n\n<p>3 &#8211;&nbsp; &nbsp; <a href=\"https:\/\/www.facebook.com\/hashtag\/skakoh%C3%ABp%C3%ABrpushim?__eep__=6&amp;__cft__%5b0%5d=AZUG4MtKkCHqAgrfg0XcZBdnzjd3VkjRcc4M9nIdegv2XkU9g5dcxxEkJHVaUvgBjRKTS681WQtgimE1Rnmy7XqK1rIW-Mlt3HISJW2noZJbA2-la2dcTSVGnRBehi8Mht0J_qdCrTd5QJF-_aY7aKwwfDjBNxXvQkrlZ8AlEOj58BIer4lVZOjYKOeeEo9YV5Q&amp;__tn__=*NK-R\">#Shqip\u00ebria2030<\/a>.<\/p>\n\n\n\n<p>K\u00ebto tre slogane\/hashtag-e lidhen dhe identifikojn\u00eb drejtp\u00ebrs\u00ebdrejt Partin\u00eb Socialiste me maxhoranc\u00ebn e deputet\u00ebve n\u00eb Kuvend, e cila, megjith\u00ebse ende nuk \u00ebsht\u00eb regjistruar zyrtarisht si subjekt zgjedhor p\u00ebr zgjedhjet e 11 majit, e ka filluar tashm\u00eb <em>de facto<\/em> bot\u00ebrisht fushat\u00ebn elektorale duke k\u00ebrkuar t\u00eb votohet dhe mb\u00ebshtetet n\u00eb zgjedhjet e 11 majit 2025.&nbsp;<\/p>\n\n\n\n<p>Lidhur me p\u00ebrkat\u00ebsin\u00eb e sloganeve\/hashtag-eve theksohet se:&nbsp;<\/p>\n\n\n\n<p>&nbsp;&nbsp;1. Slogani \u201cKrenarP\u00ebrShqiperine\u201d, \u00ebsht\u00eb slogan identifikues i <a href=\"https:\/\/www.facebook.com\/psocialiste\">Partis\u00eb Socialiste n\u00eb faqen e saj zyrtare n\u00eb Facebook<\/a>.&nbsp;<\/p>\n\n\n\n<p>&nbsp;&nbsp;2. Slogani <a href=\"https:\/\/www.facebook.com\/hashtag\/skakoh%C3%ABp%C3%ABrpushim?__eep__=6&amp;__cft__%5b0%5d=AZUG4MtKkCHqAgrfg0XcZBdnzjd3VkjRcc4M9nIdegv2XkU9g5dcxxEkJHVaUvgBjRKTS681WQtgimE1Rnmy7XqK1rIW-Mlt3HISJW2noZJbA2-la2dcTSVGnRBehi8Mht0J_qdCrTd5QJF-_aY7aKwwfDjBNxXvQkrlZ8AlEOj58BIer4lVZOjYKOeeEo9YV5Q&amp;__tn__=*NK-R\">\u201cVet\u00ebmP\u00ebrpara<\/a>\u201d, ka qen\u00eb zyrtarisht slogani i fushat\u00ebs elektorale t\u00eb Partis\u00eb Socialiste gjat\u00eb Zgjedhjeve Vendore t\u00eb vitit 2023. Shihni: &#8220;<a href=\"https:\/\/newsbomb.al\/kurre-pas-vetem-perpara-ps-hap-fushaten-per-zgjedhjet-e-14-majit\">Kurr\u00eb pas, vet\u00ebm p\u00ebrpara&#8221;, PS hap fushat\u00ebn p\u00ebr zgjedhjet e 14 Majit<\/a>\u201d.&nbsp;<\/p>\n\n\n\n<p>&nbsp;&nbsp;3. Slogani \u201cShqip\u00ebria2030\u201d \u00ebsht\u00eb p\u00ebrdorur gjithashtu nga Partia Socialiste n\u00eb vijim si titull i programit t\u00eb saj elektorale. Konkretisht nga Kryetari i Partis\u00eb Socialiste Z. Edi Rama n\u00eb Asamblen\u00eb Komb\u00ebtare &nbsp;Partis\u00eb Socialiste \u201c<em>Sot hapim nj\u00eb kapitull t\u00eb ri t\u00eb jet\u00ebs s\u00eb k\u00ebsaj familje. Nga ky stacion, ku do t\u00eb p\u00ebrmbyllim proceset e brendshme zgjedhore, duke ngarkuar edhe ekipin e ri drejtues, ne do t\u00eb nisemi drejt p\u00ebrballjes p\u00ebr mandatin e 4 qeveris\u00ebs t\u00eb Partis\u00eb Socialiste, pranver\u00ebn e ardhshme. P\u00ebr 6 muaj duhet t\u00eb jet\u00eb gati t\u00eb zbres\u00eb zyrtarisht n\u00eb fush\u00eb, <\/em><strong><em>skuadra jon\u00eb e re p\u00ebrfaq\u00ebsuese PS 2030 p\u00ebr Shqip\u00ebrin\u00eb 2030<\/em><\/strong><em>.<\/em> (\u2026)\u201d.&nbsp; &nbsp; P\u00ebr m\u00eb shum\u00eb shihni link-un: <a href=\"https:\/\/shqiptarja.com\/lajm\/ekip-i-ri-per-zgjedhjet-e-2025-dhe-shqiperia-2030-fjala-e-plote-e-kryeministrit-edi-rama-ne-asamblene-e-psse\">\u201cEkip i ri p\u00ebr zgjedhjet e 2025 dhe &#8216;Shqip\u00ebria 2030&#8217; Fjala e plot\u00eb e kryeministrit Edi Rama n\u00eb Asamblen\u00eb e PS-s\u00eb<\/a>\u201d .<\/p>\n\n\n\n<p>P\u00ebrpos sa m\u00eb sip\u00ebr, theksohet edhe se postimet e aktiviteteve, njoftimeve apo promovimeve t\u00eb ndryshme n\u00eb rrjetin social <em>Facebook<\/em> t\u00eb Kryeministrit, Ministrave, Deputet\u00ebve, Kryetar\u00ebve t\u00eb Bashkive, etj., <strong>sidomos ato me karakter partiak dhe elektoral<\/strong>, shoq\u00ebrohen n\u00eb shumic\u00ebn d\u00ebrrmuese t\u00eb rasteve me grupin e hashtag-eve t\u00eb sip\u00ebrp\u00ebrmendura.&nbsp;<\/p>\n\n\n\n<p>Gjithashtu, ky grup hashtag-esh shoq\u00ebrojn\u00eb shumic\u00ebn d\u00ebrmuese t\u00eb postimeve edhe <strong>n\u00eb <\/strong><a href=\"https:\/\/www.facebook.com\/psocialiste\"><strong>Faqen n\u00eb Facebook t\u00eb Partis\u00eb Socialiste<\/strong><\/a><strong> <\/strong>.&nbsp;&nbsp;<\/p>\n\n\n\n<p><strong>K\u00ebto slogane duke u vendosur, p\u00ebrdorur dhe reklamuar nga Institucionet Publike dhe drejtuesit e tyre n\u00eb Faqet Zyrtare t\u00eb Institucioneve p\u00ebrkat\u00ebse n\u00eb Facebook,&nbsp;<\/strong><\/p>\n\n\n\n<p>n\u00eb gjykimin e KRIIK,<strong> konstatojn\u00eb:<\/strong><\/p>\n\n\n\n<p><strong>1. shp\u00ebrdorimin e autoritetit shtet\u00ebror t\u00eb institucioneve duke i dh\u00ebn\u00eb natyr\u00eb partiake dhe elektorale, konkretisht t\u00eb Partis\u00eb Socialiste; si dhe&nbsp;<\/strong><\/p>\n\n\n\n<p><strong>2. shp\u00ebrdorimin e burimeve shtet\u00ebrore p\u00ebr q\u00ebllime partiake e elektorale (n\u00eb dobi t\u00eb Partis\u00eb Socialiste) n\u00ebp\u00ebrmjet p\u00ebrdorimit t\u00eb:<\/strong><\/p>\n\n\n\n<p><strong>a. nj\u00eb aseti institucional <\/strong>(specifikisht t\u00eb faqes zyrtare n\u00eb m\u00ebnyr\u00eb t\u00eb institucionit n\u00eb mediat sociale si kanal komunikimi publik);<strong>&nbsp;<\/strong><\/p>\n\n\n\n<p><strong>b. koh\u00ebs s\u00eb n\u00ebpun\u00ebsve shtet\u00ebror\u00eb <\/strong>(personat e ngarkuar me shp\u00ebrndarjen e njoftimeve n\u00eb k\u00ebto faqe dhe mir\u00ebmbajtjen e saj);<strong>&nbsp;<\/strong><\/p>\n\n\n\n<p><strong>c. gjith\u00eb burimeve publike t\u00eb v\u00ebna n\u00eb dispozicion p\u00ebr realizimin e aktivitetit institucional q\u00eb publikohet \/ postohet, duke u dh\u00ebn\u00eb valenc\u00eb dhe merit\u00eb partiake n\u00eb funksion t\u00eb nj\u00eb partie politike (Partis\u00eb Socialiste), \u00e7ka \u00ebsht\u00eb n\u00eb kund\u00ebrshtim me kuadrin ligjor zgjedhor, si dhe t\u00eb parimit kushtetues p\u00ebr ndarjen e shtetit nga partia.&nbsp;<\/strong><\/p>\n\n\n\n<p>K\u00ebto slogane \u00ebsht\u00eb v\u00ebrejtur se i p\u00ebrmban Faqja Zyrtare n\u00eb Facebook e Institucioneve t\u00eb m\u00ebposhtme, Institucione n\u00eb var\u00ebsi t\u00eb Ministris\u00eb s\u00eb Infrastruktur\u00ebs dhe Energjis\u00eb:<\/p>\n\n\n\n<ol class=\"wp-block-list\">\n<li>Faqja zyrtare n\u00eb Facebook e <a href=\"https:\/\/www.facebook.com\/akbn.gov.al\">Agjencia Komb\u00ebtare e Burimeve Natyrore<\/a>;<\/li>\n<\/ol>\n\n\n\n<ol start=\"2\" class=\"wp-block-list\">\n<li>Faqja zyrtare n\u00eb Facebook e <a href=\"https:\/\/www.facebook.com\/AlbanianCAA\">Autoriteti i Aviacionit Civil<\/a>;<\/li>\n<\/ol>\n\n\n\n<ol start=\"3\" class=\"wp-block-list\">\n<li>Faqja zyrtare n\u00eb Facebook <a href=\"https:\/\/www.facebook.com\/arrsh.gov.al\">Autoriteti Rrugor Shqiptar<\/a>;<\/li>\n<\/ol>\n\n\n\n<ol start=\"4\" class=\"wp-block-list\">\n<li>Faqja zyrtare n\u00eb Facebook e <a href=\"https:\/\/www.facebook.com\/eficenca.gov.al?__cft__%5b0%5d=AZWbrmYO0xajIuVas-hPJ0cdkAXlmYqdmzbK539Y8Bsz9JjZ1cQ0lwsDXLH3INK7UW_59Vh7PjPwyxQNYlO0ShwRl1ly9JyXuLVNn1czXPRdLiaZbDtUTmteZ4uTHTb0UWSAY7Kaj3dCwGzAjH9Sg1gwZo3vsG_2bh05ojsv08O4HsiBxeWXluh4OHLGtFZ1X84hx7PByrbpia49xjVWKvNaF63tsxiIjTBvco3UNKLXuQ&amp;__tn__=-UC%2CP-R\">Agjencia p\u00ebr Efi\u00e7enc\u00ebn e Energjis\u00eb<\/a>;<\/li>\n<\/ol>\n\n\n\n<ol start=\"5\" class=\"wp-block-list\">\n<li>Faqja zyrtare n\u00eb Facebook e <a href=\"https:\/\/www.facebook.com\/durresportauthority?__cft__%5b0%5d=AZWIXmIbbEeB_Zm0zSpNmnoCxKMyaXtpExHC1M88w5uDxMe0g93S-Z1mcxE6E2G0ruHryuOosF65b0gTaXN67LX7CjfGLbdiyxPHcBh1WEaweoNDhHrKsSKPOrrM_xs-YvFSMgg1e3R3PnbHfqcoEjcMnp_TfGPAa8Urk379vjMeZz_alTiiwYvNtZ1mbAx4rw2d4IDXDZVeQ8s8-er01mPypQrFj1-iwB4smv2jxOZakQ&amp;__tn__=-UC%2CP-R\">Autoriteti Portual Durres<\/a>;<\/li>\n<\/ol>\n\n\n\n<p>T\u00eb gjitha rastet e postimeve me p\u00ebrmbajtje partiake dhe elektorale n\u00eb Faqet Zyrtare t\u00eb Institucioneve t\u00eb m\u00ebsip\u00ebrme, t\u00eb detajuara me link-et dhe printscreen-et p\u00ebrkat\u00ebse, gjenden bashk\u00eblidhur n\u00eb <strong><em>Lidhjen nr. 1,<\/em><\/strong> n\u00eb vijim t\u00eb k\u00ebtij dokumenti.<\/p>\n\n\n\n<p><strong>KRIIK nxit KQZ-n\u00eb q\u00eb t\u00eb marr\u00eb menj\u00ebher\u00eb masat e nevojshme q\u00eb t\u00eb ndaloj\u00eb shkeljen si dhe t\u00eb parandaloj\u00eb me efektivitet p\u00ebrdorimin e burimeve shtet\u00ebrore duke u k\u00ebrkuar Institucioneve q\u00eb t\u00eb ndalojn\u00eb postimet me natyr\u00eb partiake \/ elektorale n\u00eb faqet e tyre, si dhe t\u00eb pastrojn\u00eb t\u00eb gjith\u00eb postimet e m\u00ebparshme<\/strong>.<\/p>\n\n\n\n<p>\u00cbsht\u00eb shqet\u00ebsuese q\u00eb, n\u00eb kuptimin e Institucioneve, drejtuesve dhe administrat\u00ebs s\u00eb tyre,&nbsp; <strong>ndalimi i p\u00ebrdorimit t\u00eb burimeve shtet\u00ebrore<\/strong> n\u00eb dobi t\u00eb nj\u00eb partie apo fushat\u00ebs elektorale t\u00eb saj, <strong>vlen vet\u00ebm p\u00ebrgjat\u00eb fushat\u00ebs zgjedhore apo gjat\u00eb periudh\u00ebs kat\u00ebrmujore<\/strong> para dat\u00ebs s\u00eb zgjedhjeve.&nbsp;&nbsp;&nbsp;<\/p>\n\n\n\n<p>&nbsp;&nbsp;&nbsp;&nbsp;&nbsp;Ndaj \u00ebsht\u00eb me vend <strong>t\u00eb theksohet nga KQZ-ja se ky ndalim i shtrin efektet n\u00eb \u00e7do koh\u00eb<\/strong>, pasi shp\u00ebrdorimi i burimeve shtet\u00ebrore p\u00ebr arsye partiake apo elektorale \u00ebsht\u00eb i ndaluar n\u00eb \u00e7do koh\u00eb.&nbsp;<\/p>\n\n\n\n<p>N\u00eb gjykimin e KRIIK, <strong>Partit\u00eb Politike mundet q\u00eb<\/strong>, n\u00eb nj\u00eb m\u00ebnyr\u00eb apo n\u00eb nj\u00eb tjet\u00ebr, t\u00eb <strong>b\u00ebjn\u00eb fushat\u00eb gjat\u00eb gjith\u00eb koh\u00ebs<\/strong>, edhe jasht\u00eb periudhave parazgjedhore, <strong>por n\u00eb asnj\u00eb rast nuk duhet t\u00eb b\u00ebhet kjo n\u00eb d\u00ebm t\u00eb Autoritetit Shtet\u00ebror t\u00eb Institucioneve Publike dhe as t\u00eb burimeve shtet\u00ebrore<\/strong> q\u00eb posedojn\u00eb ato.<\/p>\n\n\n\n<p>&nbsp;&nbsp;&nbsp;&nbsp;&nbsp;Vija e ndarjes s\u00eb shtetit nga partia duhet t\u00eb jet\u00eb e qart\u00eb, e plot\u00eb dhe duhet t\u00eb mos lejoj\u00eb asnj\u00eb boshllk\u00eb apo mang\u00ebsi n\u00eb qasjen e KQZ-s\u00eb, <strong>p\u00ebr t\u00eb mos l\u00ebn\u00eb vend p\u00ebr asnj\u00eb lloj keqinterpretimi apo keqkuptimi<\/strong>.<\/p>\n\n\n\n<p>N\u00eb k\u00ebt\u00eb aspekt, <strong>nxitet dhe theksohet nevoja q\u00eb KQZ-ja t\u00eb k\u00ebrkoj\u00eb<\/strong> n\u00eb m\u00ebnyr\u00eb t\u00eb qart\u00eb <strong>fshirjen e t\u00eb gjitha postimeve me natyr\u00eb partiake apo elektorale<\/strong> q\u00eb mund t\u00eb jen\u00eb n\u00eb faqet e Institucioneve, si dhe <strong>sloganet\/hashtag-et partiak\u00eb\/elektoral\u00eb q\u00eb shoq\u00ebrojn\u00eb postimet e aktiviteteve institucionale<\/strong>, pavar\u00ebsisht koh\u00ebs se kur jan\u00eb postuar ato.&nbsp;<\/p>\n\n\n\n<p>Kjo pasi \u00ebsht\u00eb v\u00ebrejtur se postime t\u00eb tilla jan\u00eb b\u00ebr\u00eb her\u00eb pas here, madje vijojn\u00eb t\u00eb jen\u00eb n\u00eb faqet e tyre, q\u00eb pas zgjedhjeve 2023 e deri m\u00eb sot.<\/p>\n\n\n\n<p>Lidhur me gjith\u00eb sa m\u00eb sip\u00ebr, sipas gjykimit t\u00eb KRIIK, <strong>nevojitet q\u00eb rastet t\u00eb merren n\u00eb konsiderat\u00eb prej jush si KQZ<\/strong>, t\u00eb shqyrtohen duke nd\u00ebrmarr\u00eb hetimin e nevojsh\u00ebm administrativ dhe vazhduar m\u00eb pas ndjekjen e procedurave t\u00eb parashikuara p\u00ebr sanksionimin e shkel\u00ebsve sipas ligjit.<\/p>\n\n\n\n<p>Gjithashtu, n\u00eb gjykimin e KRIIK, <strong>KQZ-ja nevojitet q\u00eb p\u00ebrpos sanksionimit t\u00eb titullar\u00ebve p\u00ebrkat\u00ebs s\u00eb k\u00ebtyre institucioneve <\/strong>sipas parashikimeve t\u00eb Kodit Zgjedhor,<strong> t\u00eb njoftoj\u00eb dhe paralajm\u00ebroj\u00eb me shkrim Partin\u00eb Socialiste t\u00eb Shqip\u00ebris\u00eb <\/strong>n\u00eb favor t\u00eb t\u00eb cil\u00ebs jan\u00eb kryer shkeljet e m\u00ebsip\u00ebrme,<strong> duke i k\u00ebrkuar marrjen e masave nga ana e saj p\u00ebr mosp\u00ebrs\u00ebritjen e tyre n\u00eb t\u00eb ardhmen.<\/strong><\/p>\n\n\n\n<hr class=\"wp-block-separator has-alpha-channel-opacity\"\/>\n\n\n\n<p><em>*Ky Denoncim p\u00ebrmban nj\u00eb Lidhje ku ilustrohen problematikat e p\u00ebrmendura, me fotografi t\u00eb faqeve p\u00ebrkat\u00ebse dhe lidhje p\u00ebr n\u00eb faqet e internetit. P\u00ebr t\u00eb par\u00eb lidhjen, shkarkoni <a href=\"https:\/\/kriik.al\/home\/wp-content\/uploads\/2025\/02\/KRIIK-DENONCIM-Nr.5-Sloganet_Hashtag-et_Instit_Varesie_MIE-202502012.pdf\" target=\"_blank\" rel=\"noopener\" title=\"\">Dokumentin<\/a> e d\u00ebrguar KQZ-s\u00eb.<\/em><\/p>\n","protected":false},"excerpt":{"rendered":"<p>Shkarko Denoncimin ne pdf \u00a0\u00a0 I nderuar z. Komisioner! &nbsp;&nbsp;&nbsp; T\u00eb nderuar Drejtues t\u00eb Administrat\u00ebs s\u00eb KQZ-s\u00eb! &nbsp;&nbsp;&nbsp; T\u00eb nderuar An\u00ebtar\u00eb t\u00eb Komisionit t\u00eb Ankimimeve dhe Sanksioneve! Sikurse jeni n\u00eb dijeni, nj\u00eb nga denoncimet e p\u00ebrcjella nga KRIIK n\u00eb KQZ p\u00ebrgjat\u00eb procesit t\u00eb Zgjedhjeve Vendore 2023, ka qen\u00eb p\u00ebrdorimi i faqeve zyrtare t\u00eb institucioneve n\u00eb&#8230;<\/p>\n","protected":false},"author":4,"featured_media":0,"comment_status":"closed","ping_status":"closed","sticky":false,"template":"","format":"standard","meta":{"om_disable_all_campaigns":false,"_monsterinsights_skip_tracking":false,"_monsterinsights_sitenote_active":false,"_monsterinsights_sitenote_note":"","_monsterinsights_sitenote_category":0,"footnotes":"[]"},"categories":[161,192],"tags":[],"class_list":["post-3036","post","type-post","status-publish","format-standard","hentry","category-denoncime","category-zgjedhje-2025"],"aioseo_notices":[],"_links":{"self":[{"href":"https:\/\/kriik.al\/home\/wp-json\/wp\/v2\/posts\/3036","targetHints":{"allow":["GET"]}}],"collection":[{"href":"https:\/\/kriik.al\/home\/wp-json\/wp\/v2\/posts"}],"about":[{"href":"https:\/\/kriik.al\/home\/wp-json\/wp\/v2\/types\/post"}],"author":[{"embeddable":true,"href":"https:\/\/kriik.al\/home\/wp-json\/wp\/v2\/users\/4"}],"replies":[{"embeddable":true,"href":"https:\/\/kriik.al\/home\/wp-json\/wp\/v2\/comments?post=3036"}],"version-history":[{"count":1,"href":"https:\/\/kriik.al\/home\/wp-json\/wp\/v2\/posts\/3036\/revisions"}],"predecessor-version":[{"id":3038,"href":"https:\/\/kriik.al\/home\/wp-json\/wp\/v2\/posts\/3036\/revisions\/3038"}],"wp:attachment":[{"href":"https:\/\/kriik.al\/home\/wp-json\/wp\/v2\/media?parent=3036"}],"wp:term":[{"taxonomy":"category","embeddable":true,"href":"https:\/\/kriik.al\/home\/wp-json\/wp\/v2\/categories?post=3036"},{"taxonomy":"post_tag","embeddable":true,"href":"https:\/\/kriik.al\/home\/wp-json\/wp\/v2\/tags?post=3036"}],"curies":[{"name":"wp","href":"https:\/\/api.w.org\/{rel}","templated":true}]}}