{"id":3012,"date":"2025-02-05T19:05:00","date_gmt":"2025-02-05T18:05:00","guid":{"rendered":"https:\/\/kriik.al\/home\/?p=3012"},"modified":"2025-02-10T14:11:06","modified_gmt":"2025-02-10T13:11:06","slug":"denoncim-nr-1-lidhur-me-miratimin-e-projektligjit-per-nje-shtese-ne-ligjin-nr-29-2023-per-tatimin-mbi-te-ardhurat","status":"publish","type":"post","link":"https:\/\/kriik.al\/home\/2025\/02\/05\/denoncim-nr-1-lidhur-me-miratimin-e-projektligjit-per-nje-shtese-ne-ligjin-nr-29-2023-per-tatimin-mbi-te-ardhurat\/","title":{"rendered":"DENONCIM Nr. 1\u00a0\u2013 Lidhur me miratimin e Projektligjit &#8220;P\u00ebr nj\u00eb shtes\u00eb n\u00eb ligjin nr.29\/2023, &#8220;P\u00ebr tatimin mbi t\u00eb ardhurat&#8221;"},"content":{"rendered":"\n<hr class=\"wp-block-separator has-alpha-channel-opacity\"\/>\n\n\n\n<p class=\"has-text-align-center\"><strong>Shkarko <a href=\"https:\/\/kriik.al\/home\/wp-content\/uploads\/2025\/02\/KRIIK-DENONCIM-Nr.1-Projektiligj_KuvendiIShqiperise-20250205-1.pdf\" target=\"_blank\" rel=\"noopener\" title=\"\">Denoncimin<\/a> ne pdf<\/strong><\/p>\n\n\n\n<hr class=\"wp-block-separator has-alpha-channel-opacity\"\/>\n\n\n\n<p><strong>     I nderuar z. Komisioner!<\/strong><\/p>\n\n\n\n<p><strong>&nbsp;&nbsp;&nbsp;&nbsp;T\u00eb nderuar Drejtues t\u00eb Administrat\u00ebs s\u00eb KQZ-s\u00eb!<\/strong><\/p>\n\n\n\n<p><strong>&nbsp;&nbsp;&nbsp;&nbsp;T\u00eb nderuar An\u00ebtar\u00eb t\u00eb Komisionit t\u00eb Ankimimeve dhe Sanksioneve!<\/strong><\/p>\n\n\n\n<p>N\u00eb seanc\u00ebn plenare t\u00eb dat\u00ebs 30 janar 2025, Kuvendi i Shqip\u00ebris\u00eb&nbsp;<a rel=\"noreferrer noopener\" target=\"_blank\" href=\"https:\/\/kuvendiwebfiles.blob.core.windows.net\/webfiles\/202501311027042496Flet%C3%AB%20votimi.pdf\">ka miratuar me 70 vota<\/a>&nbsp;pro, projektligjin \u201c<em>P\u00ebr nj\u00eb shtes\u00eb n\u00eb ligjin nr. 29\/2023, \u201cP\u00ebr tatimin mbi t\u00eb ardhurat<\/em>\u201d, t\u00eb ndryshuar.<\/p>\n\n\n\n<p>Nga konsultimi i faqes zyrtare n\u00eb internet t\u00eb Presidentit t\u00eb Republik\u00ebs si dhe Qendr\u00ebs s\u00eb Botimeve Zyrtare, v\u00ebrehet se ky projektligj i miratuar nga Parlamenti nuk \u00ebsht\u00eb dekretuar nga Presidenti i Republik\u00ebs dhe as \u00ebsht\u00eb botuar n\u00eb Fletoren Zyrtare.<\/p>\n\n\n\n<p>Referuar&nbsp;<a rel=\"noreferrer noopener\" target=\"_blank\" href=\"https:\/\/kuvendiwebfiles.blob.core.windows.net\/webfiles\/202412271050490400Projektligj%20dhe%20relacion.pdf\">relacionit t\u00eb k\u00ebtij projektligji<\/a>, citohet se: \u201c<em>Projektligji &#8220;P\u00ebr nj\u00eb shtes\u00eb n\u00eb ligjin nr.29\/2023, &#8220;P\u00ebr tatimin mbi t\u00eb ardhurat&#8221;, t\u00eb ndryshuar,&nbsp;<strong>ka p\u00ebr qellim t\u00eb p\u00ebrjashtoj\u00eb nga tatimi mbi t\u00eb ardhurat e korporat\u00ebs entitetet q\u00eb operojn\u00eb n\u00eb struktura akomoduese &#8220;Hotel\/Resort me kat\u00ebr dhe pes\u00eb yje, status special&#8221;<\/strong>&nbsp;(&#8230;)\u201d.&nbsp;<strong>Ky ligj ul norm\u00ebn tatimore n\u00eb 0% p\u00ebr 10 vitet e para fiskale, p\u00ebr strukturat akomoduese &#8220;Hotel\/Resort me kat\u00ebr dhe pes\u00eb yje, status special<\/strong>&#8220;<\/em>, sipas p\u00ebrcaktimeve n\u00eb legjislacionin e fush\u00ebs s\u00eb turizmit.<\/p>\n\n\n\n<p><a rel=\"noreferrer noopener\" target=\"_blank\" href=\"https:\/\/kuvendiwebfiles.blob.core.windows.net\/webfiles\/202412271050490400Projektligj%20dhe%20relacion.pdf\">Projektligji<\/a>&nbsp;parashikon q\u00eb pas shkronj\u00ebs &#8220;e&#8221;, te pik\u00ebs 1, te nenit 27, t\u00eb ligjit nr.29\/2023, &#8220;<em>P\u00ebr tatimin mbi t\u00eb ardhurat&#8217;<\/em>, t\u00eb ndryshuar, shtohet shkronja &#8220;e&#8221;, me k\u00ebt\u00eb p\u00ebrmbajtje: &#8221; e)&nbsp;<em>entitetet q\u00eb operojn\u00eb n\u00eb struktura akomoduese &#8220;Hotel\/Resort me kat\u00ebr dhe pes\u00eb yje, status special&#8221; sipas p\u00ebrcaktimit n\u00eb legjislacionin e fush\u00ebs s\u00eb turizmit dhe q\u00eb jan\u00eb mbajt\u00ebs t\u00eb nj\u00eb marke tregtare t\u00eb regjistruar dhe njohur nderkomb\u00ebtarisht &#8220;brand name&#8221;, p\u00ebrjashtohen nga tatimi mbi t\u00eb ardhurat korporative p\u00ebr nj\u00eb periudhe 10-vje\u00e7are, p\u00ebr ato struktura, t\u00eb cilat p\u00ebrfitojn\u00eb statusin special deri n\u00eb dhjetor 2026. Efektet e p\u00ebrjashtimit fillojn\u00eb n\u00eb momentin e fillimit t\u00eb veprimtaris\u00eb ekonomike te struktur\u00ebs akomoduese, por jo me von\u00eb se 3 vjet nga marrja e statusit special<\/em>.&#8221;<\/p>\n\n\n\n<p>Lidhur me p\u00ebrfituesit sipas k\u00ebtij ligji,&nbsp;<a rel=\"noreferrer noopener\" target=\"_blank\" href=\"https:\/\/kuvendiwebfiles.blob.core.windows.net\/webfiles\/202501310815566816Raporti%20i%20KEF_Prgj%20-%20ndryshim%20i%20ligjit%20tatimi%20ardhurat.pdf\">n\u00eb Raportin p\u00ebrkat\u00ebs<\/a>&nbsp;t\u00eb Komisionit p\u00ebr Ekonomin\u00eb dhe Financat, si Komisioni Parlamentar p\u00ebrgjegj\u00ebs, referohet se: \u201c<em>Aktualisht, kan\u00eb lidhur kontratat me Qeverin\u00eb Shqiptare 11 subjekte, t\u00eb cilat nuk jan\u00eb n\u00eb zona urbane por n\u00eb zonat me p\u00ebrparasi turizmin, disa prej tyre jan\u00eb tashm\u00eb jan\u00eb operativ, sic \u00ebsht\u00eb psh. Zona e Rinasit ku operon edhe M.K. Hotel q\u00eb \u00ebsht\u00eb hoteli i par\u00eb q\u00eb ka marr\u00eb k\u00ebt\u00eb status n\u00eb Shqip\u00ebri, Melia Resort Hotel \u00ebsht\u00eb n\u00eb Gjirin e Lal\u00ebzit, Grand Melia n\u00eb Zon\u00ebn e Dh\u00ebrmiut, Radisson Hotel Premium dhe Radisson Collection Hotel q\u00eb jan\u00eb n\u00eb zon\u00ebn e Himar\u00ebs, Mk Gallery Accor Group n\u00eb zon\u00ebn e jugut Hyatt Regency Resort &amp; Spa hotel n\u00eb zon\u00ebn e Palas\u00ebs, Cro\u00ebn Plaza n\u00eb jug<\/em>\u201d.&nbsp;&nbsp;<\/p>\n\n\n\n<p>Po n\u00eb k\u00ebt\u00eb Raport referohet edhe se&nbsp;<em>\u201cProjektligji ka efekte financiare shtes\u00eb n\u00eb buxhetit e shtetit, por k\u00ebto efekte nuk jan\u00eb p\u00ebrcaktuar n\u00eb relacion dhe ka v\u00ebshtir\u00ebsi p\u00ebr tu p\u00ebrllogaritur p\u00ebr shkak t\u00eb pamund\u00ebsis\u00eb p\u00ebr t\u00eb njohur list\u00ebn e p\u00ebrfituesve sipas k\u00ebtij ligji\u201d<\/em>.<\/p>\n\n\n\n<p>Nd\u00ebrsa lidhur me vler\u00ebsimin e kushtetutshm\u00ebris\u00eb dhe ligjshm\u00ebris\u00eb, harmonizimi me legjislacionin n\u00eb fuqi vendas e nd\u00ebrkomb\u00ebtar,&nbsp;<a rel=\"noreferrer noopener\" target=\"_blank\" href=\"https:\/\/kuvendiwebfiles.blob.core.windows.net\/webfiles\/202501310815566816Raporti%20i%20KEF_Prgj%20-%20ndryshim%20i%20ligjit%20tatimi%20ardhurat.pdf\">n\u00eb Raportin p\u00ebrkat\u00ebs<\/a>&nbsp;t\u00eb Komisionit p\u00ebr Ekonomin\u00eb dhe Financat si komisioni parlamentar p\u00ebrgjegj\u00ebs referohet se&nbsp;<em>\u201cP\u00ebr sa m\u00eb sip\u00ebr, konkludojm\u00eb se projektakti \u00ebsht\u00eb n\u00eb p\u00ebrputhje me Kushtetut\u00ebn dhe legjislacionin e zbatuesh\u00ebm n\u00eb fuqi, respekton parimet dhe t\u00eb drejt\u00ebn nd\u00ebrkomb\u00ebtare dhe evropiane\u201d,<\/em>&nbsp;nd\u00ebrsa n\u00eb&nbsp;<a rel=\"noreferrer noopener\" target=\"_blank\" href=\"https:\/\/kuvendiwebfiles.blob.core.windows.net\/webfiles\/202501271428050900Raporti%20ligje%20-Per%20nje%20%23%20ne%20ligjin%2029-2023%20Per%20tatimin%20mbi%20te%20ardhurat%20te%20ndryshuar.pdf\">Raportin p\u00ebrkat\u00ebs t\u00eb Komisionit p\u00ebr \u00c7\u00ebshtjet Ligjore<\/a>, Administrat\u00ebn Publike dhe t\u00eb Drejtat e Njeriut, si Komision p\u00ebr dh\u00ebnie mendimi, referohet se&nbsp;<em>\u201cN\u00eb p\u00ebrfundim, Komisioni p\u00ebr \u00c7\u00ebshtjet Ligjore, Administrat\u00ebn Publike dhe t\u00eb Drejtat e Njeriut, konstatoi se:<\/em><\/p>\n\n\n\n<p><em>&#8211; N\u00eb aspektin ligjor, projektligji \u00ebsht\u00eb n\u00eb p\u00ebrputhje me Kushtetut\u00ebn dhe legjislacionin n\u00eb fuqi;<\/em><\/p>\n\n\n\n<p><em>&#8211; N\u00eb aspektin procedural, projektligji \u00ebsht\u00eb paraqitur n\u00eb p\u00ebrputhje me Rregulloren e Kuvendit;<\/em><\/p>\n\n\n\n<p><em>dhe pasi e shqyrtoi projektligjin n\u00eb parim, nen p\u00ebr nen dhe n\u00eb t\u00ebr\u00ebsi, me votat e shumic\u00ebs s\u00eb an\u00ebtar\u00ebve t\u00eb pranish\u00ebm e miratoi at\u00eb dhe u shpreh dakord p\u00ebr t\u2019ia p\u00ebrcjell\u00eb mendimin<\/em><\/p>\n\n\n\n<p><em>Komisionit P\u00ebrgjegj\u00ebs dhe p\u00ebr votim n\u00eb seanc\u00eb plenare\u201d.<\/em><\/p>\n\n\n\n<p>Presidenti i Republik\u00ebs ka dekretuar si dat\u00eb p\u00ebr zhvillimin e zgjedhjeve parlamentare, dat\u00ebn 11 maj 2025.<\/p>\n\n\n\n<p>Kodit Zgjedhor n\u00eb nenin 91 \u201cNdalimi i p\u00ebrdorimit t\u00eb burimeve publike n\u00eb mb\u00ebshtetje t\u00eb subjekteve zgjedhore\u201d, pika 4 p\u00ebrcakton se:&nbsp; \u201cKat\u00ebr muaj para dat\u00ebs s\u00eb zgjedhjeve deri n\u00eb formimin e qeveris\u00eb s\u00eb re pas zgjedhjeve&nbsp;<strong>ndalohet&nbsp;<\/strong>propozimi<strong>, miratimi ose nxjerrja e akteve ligjore&nbsp;<\/strong>ose n\u00ebnligjore<strong>, t\u00eb cilat parashikojn\u00eb dh\u00ebnien e p\u00ebrfitimeve p\u00ebr kategori t\u00eb caktuara t\u00eb popullsis\u00eb<\/strong>,&nbsp;<strong>t\u00eb tilla si aktet q\u00eb parashikojn\u00eb<\/strong>&nbsp;rritjen e pagave, pensioneve, mb\u00ebshtetjes ekonomike apo sociale,&nbsp;<strong>uljen ose heqjen e taksave<\/strong>, vendosjen e amnistive fiskale, privatizimin apo dh\u00ebnien e pasurive a t\u00eb shp\u00ebrblimeve, etj.,&nbsp;<strong>p\u00ebrve\u00e7se kur nisma kusht\u00ebzohet nga gjendje t\u00eb fatkeq\u00ebsis\u00eb natyrore\u201d.<\/strong><\/p>\n\n\n\n<p>Po n\u00eb vijim t\u00eb k\u00ebtij neni, Vendimi nr. 9 dat\u00eb 20.12.2020 i Komisionit Rregullator, i ndryshuar, n\u00eb nenin 3 \u201cVeprimtari t\u00eb ndaluara\u201d, pika 3 p\u00ebrcakton se:&nbsp; \u201cKat\u00ebr muaj para dat\u00ebs s\u00eb zgjedhjeve deri n\u00eb formimin e qeveris\u00eb s\u00eb re pas zgjedhjeve&nbsp;<strong>ndalohet<\/strong>&nbsp;propozimi,&nbsp;<strong>miratimi i akteve ligjore<\/strong>&nbsp;ose n\u00ebnligjore, ose nxjerrja e tyre me q\u00ebllim informimin e publikut n\u00eb lidhje me vendimmarrjen e institucionit miratues n\u00eb faqen e tij zyrtare,&nbsp;<strong>t\u00eb cilat parashikojn\u00eb dh\u00ebnien e p\u00ebrfitimeve p\u00ebr kategori t\u00eb caktuara t\u00eb popullsis\u00eb<\/strong>, t\u00eb tilla si aktet q\u00eb parashikojn\u00eb rritjen e pagave, pensioneve, mb\u00ebshtetjes ekonomike apo sociale,&nbsp;<strong>uljen ose heqjen e taksave<\/strong>,&nbsp;<strong>faljet e kamatvonesave, t\u00eb gjobave, t\u00eb detyrimeve tatimore<\/strong>&nbsp;e doganore vendosjen e amnistive fiskale, privatizimin apo dh\u00ebnien e pasurive a t\u00eb shp\u00ebrblimeve, p\u00ebrve\u00e7se kur nisma kusht\u00ebzohet nga gjendje t\u00eb fatkeq\u00ebsis\u00eb natyrore ose t\u00eb epidemis\u00eb\/pandemis\u00eb, apo ka si q\u00ebllim zbatimin e nj\u00eb detyrimi ligjor me karakter nd\u00ebrkomb\u00ebtar apo zbatimin e nj\u00eb vendim gjyq\u00ebsor t\u00eb form\u00ebs s\u00eb prer\u00eb.\u201d<\/p>\n\n\n\n<p>Po n\u00eb k\u00ebt\u00eb Vendim, n\u00eb pik\u00ebn 5 p\u00ebrcaktohet se:&nbsp; \u201cN\u00eb zbatim t\u00eb ndalimit t\u00eb p\u00ebrcaktuar n\u00eb pik\u00ebn 3, t\u00eb k\u00ebtij neni,&nbsp;<strong>Kryetari i Kuvendit<\/strong>&nbsp;dhe Sekretari i P\u00ebrgjithsh\u00ebm i K\u00ebshillit t\u00eb Ministrave&nbsp;<strong>marrin masa p\u00ebr t\u00eb mosvendosur ose propozojn\u00eb t\u00eb mos vendosen n\u00eb rend t\u00eb dit\u00ebs t\u00eb institucioneve respektive p\u00ebr shqyrtim dhe miratim, aktet e p\u00ebrmendura n\u00eb pik\u00ebn 3 t\u00eb k\u00ebtij neni<\/strong>\u201d.<\/p>\n\n\n\n<p>Bazuar n\u00eb k\u00ebto parashikime periudha e ndalimit \u00ebsht\u00eb periudha&nbsp;<strong>11 janar 2025 deri m\u00eb shtator 2025<\/strong>, kur pritet t\u00eb miratohet Qeveria e re nga Kuvendi i dal\u00eb nga zgjedhjet e 11 majit 2025.<\/p>\n\n\n\n<p>N\u00eb mbledhjen e Komisionit p\u00ebr \u00c7\u00ebshtjet Ligjore, Administrat\u00ebn Publike dhe t\u00eb Drejtat e Njeriut, t\u00eb dat\u00ebs 27 Janar 2025, ku u diskutua dhe votua edhe Projektligji \u201cP\u00ebr nj\u00eb shtes\u00eb n\u00eb ligjin nr.29\/2023 \u201cP\u00ebr tatimin mbi t\u00eb ardhurat\u201d, t\u00eb ndryshuar.\u201d, pas prezantimit t\u00eb tij nga z. Blendi Klosi si deputeti propozues,&nbsp; an\u00ebtari i Komisionit z. Enkelejd Alibeaj&nbsp;<strong>u b\u00ebri me dije t\u00eb gjith\u00eb an\u00ebtar\u00ebve t\u00eb Komisionit se ky projektligj \u00ebsht\u00eb n\u00eb shkelje t\u00eb hapur t\u00eb Kodit Zgjedhor<\/strong>, por nuk pati asnj\u00eb reagim prej tyre dhe as prej drejtuesit t\u00eb mbledhjes.&nbsp;<em>(Shihni p\u00ebr m\u00eb shum\u00eb fjal\u00ebn e z. Alibeaj, minuta 1:02:23 &#8211; 1:04:25 e&nbsp;<a rel=\"noreferrer noopener\" target=\"_blank\" href=\"https:\/\/www.facebook.com\/kuvendishqiperise\/videos\/515283364370945\">video-regjistrimit t\u00eb mbledhjes<\/a>).<\/em><\/p>\n\n\n\n<p>Duksh\u00ebm pavar\u00ebsisht se i gjith\u00eb informacioni i nevojsh\u00ebm ligjor \u00ebsht\u00eb b\u00ebr\u00eb me dije p\u00ebr deputet\u00ebt, menj\u00ebher\u00eb pas fjal\u00ebs s\u00eb z. Alibeaj, kryesuesi i mbledhjes z. Eduard Ndreca i ftoi deputet\u00ebt p\u00ebr t\u00eb votuar me fjal\u00ebn: \u201cMir\u00eb koleg\u00eb, faleminderit! Duke vler\u00ebsuar z. Klosi p\u00ebr propozimet shum\u00eb pozitive q\u00eb b\u00ebn gjithmon\u00eb, e hedhim projekt-ligjin n\u00eb votim.\u201d, duke miratuar k\u00ebshtu projektligjin me shumic\u00eb votash t\u00eb an\u00ebtar\u00ebve socialist\u00eb t\u00eb komisionit.<\/p>\n\n\n\n<p>KRIIK vler\u00ebson t\u00ebr\u00eb k\u00ebt\u00eb proces t\u00eb miratimit t\u00eb projektligjit&nbsp;<strong>jo vet\u00ebm n\u00eb shkelje t\u00eb hapur t\u00eb Kodit Zgjedhor, por edhe si nj\u00eb sfid\u00eb t\u00eb Deputet\u00ebve t\u00eb maxhoranc\u00ebs socialiste dhe t\u00eb vet\u00eb Kuvendit ndaj zbatimit t\u00eb ligjit<\/strong>, duke p\u00ebrcjell\u00eb nj\u00eb mesazh tejet negativ dhe flagrant n\u00eb d\u00ebm t\u00eb zbatimit t\u00eb ligjit, t\u00eb nd\u00ebrtimit t\u00eb shtetit ligjor, si dhe&nbsp;<strong>t\u00eb vet\u00eb standardeve t\u00eb procesit zgjedhor t\u00eb 11 majit 2025<\/strong>.<\/p>\n\n\n\n<p><strong>KRIIK,&nbsp;<\/strong>bazuar n\u00eb parashikimet e Kodit Zgjedhor,<strong>&nbsp;denoncon p\u00ebrpara Komisionit Qendror t\u00eb Zgjedhjeve miratimin e k\u00ebtij projekligji<\/strong>, duke ju k\u00ebrkuar q\u00eb t\u00eb nd\u00ebrmerrni sa m\u00eb par\u00eb&nbsp;<strong>hapat e nevojsh\u00ebm p\u00ebr t\u00eb parandaluar shtrirjen e efekteve t\u00eb k\u00ebtij projektligji<\/strong>&nbsp;dhe ngrir\u00eb at\u00eb n\u00eb faz\u00ebn ku ndodhet, duke mos lejuar hyrjen n\u00eb fuqi t\u00eb tij.<\/p>\n\n\n\n<p>N\u00eb gjykimin e KRIIK, p\u00ebrpos verifikimit t\u00eb gjith\u00eb sa m\u00eb sip\u00ebr n\u00eb raport me hapat procedural\u00eb t\u00eb nevojsh\u00ebm,&nbsp;<strong>konsiderohet e nevojshme q\u00eb Komisioni Q\u00ebndror i Zgjedhjeve t\u00eb vendoset sa m\u00eb par\u00eb n\u00eb komunikim t\u00eb drejtp\u00ebrdrejt\u00eb me Institucionin e Presidentit t\u00eb Republik\u00ebs p\u00ebr mos-dekretimin dhe kthimin n\u00eb Kuvendin e Shqip\u00ebris\u00eb<\/strong>&nbsp;t\u00eb projektligjit t\u00eb m\u00ebsip\u00ebrm.<\/p>\n\n\n\n<p>Gjithashtu, shihet m\u00eb vend q\u00eb&nbsp;<strong>Komisioni Q\u00ebndror i Zgjedhjeve t\u00eb zbatoj\u00eb me rigorozitet g\u00ebrm\u00ebn e ligjit duke nisur hetimin administrativ lidhur me k\u00ebt\u00eb shkelje t\u00eb Kodit Zgjedhor<\/strong>&nbsp;dhe Vendimit nr. 9 t\u00eb Komisionit Rregullator, si dhe&nbsp;<strong>vendosur sanksionet p\u00ebrkat\u00ebse n\u00eb zbatim t\u00eb nenit 171 t\u00eb Kodit Zgjedhor<\/strong>.<\/p>\n\n\n\n<p><strong>\u00a0\u00a0\u00a0 <\/strong><\/p>\n","protected":false},"excerpt":{"rendered":"<p>Shkarko Denoncimin ne pdf I nderuar z. Komisioner! &nbsp;&nbsp;&nbsp;&nbsp;T\u00eb nderuar Drejtues t\u00eb Administrat\u00ebs s\u00eb KQZ-s\u00eb! &nbsp;&nbsp;&nbsp;&nbsp;T\u00eb nderuar An\u00ebtar\u00eb t\u00eb Komisionit t\u00eb Ankimimeve dhe Sanksioneve! N\u00eb seanc\u00ebn plenare t\u00eb dat\u00ebs 30 janar 2025, Kuvendi i Shqip\u00ebris\u00eb&nbsp;ka miratuar me 70 vota&nbsp;pro, projektligjin \u201cP\u00ebr nj\u00eb shtes\u00eb n\u00eb ligjin nr. 29\/2023, \u201cP\u00ebr tatimin mbi t\u00eb ardhurat\u201d, t\u00eb ndryshuar. Nga&#8230;<\/p>\n","protected":false},"author":4,"featured_media":0,"comment_status":"closed","ping_status":"closed","sticky":false,"template":"","format":"standard","meta":{"om_disable_all_campaigns":false,"_monsterinsights_skip_tracking":false,"_monsterinsights_sitenote_active":false,"_monsterinsights_sitenote_note":"","_monsterinsights_sitenote_category":0,"footnotes":"[]"},"categories":[161,192],"tags":[],"class_list":["post-3012","post","type-post","status-publish","format-standard","hentry","category-denoncime","category-zgjedhje-2025"],"aioseo_notices":[],"_links":{"self":[{"href":"https:\/\/kriik.al\/home\/wp-json\/wp\/v2\/posts\/3012","targetHints":{"allow":["GET"]}}],"collection":[{"href":"https:\/\/kriik.al\/home\/wp-json\/wp\/v2\/posts"}],"about":[{"href":"https:\/\/kriik.al\/home\/wp-json\/wp\/v2\/types\/post"}],"author":[{"embeddable":true,"href":"https:\/\/kriik.al\/home\/wp-json\/wp\/v2\/users\/4"}],"replies":[{"embeddable":true,"href":"https:\/\/kriik.al\/home\/wp-json\/wp\/v2\/comments?post=3012"}],"version-history":[{"count":2,"href":"https:\/\/kriik.al\/home\/wp-json\/wp\/v2\/posts\/3012\/revisions"}],"predecessor-version":[{"id":3016,"href":"https:\/\/kriik.al\/home\/wp-json\/wp\/v2\/posts\/3012\/revisions\/3016"}],"wp:attachment":[{"href":"https:\/\/kriik.al\/home\/wp-json\/wp\/v2\/media?parent=3012"}],"wp:term":[{"taxonomy":"category","embeddable":true,"href":"https:\/\/kriik.al\/home\/wp-json\/wp\/v2\/categories?post=3012"},{"taxonomy":"post_tag","embeddable":true,"href":"https:\/\/kriik.al\/home\/wp-json\/wp\/v2\/tags?post=3012"}],"curies":[{"name":"wp","href":"https:\/\/api.w.org\/{rel}","templated":true}]}}