{"id":2660,"date":"2023-09-25T14:58:39","date_gmt":"2023-09-25T12:58:39","guid":{"rendered":"https:\/\/kriik.al\/home\/?p=2660"},"modified":"2024-01-16T11:31:12","modified_gmt":"2024-01-16T10:31:12","slug":"deklarata-e-gjetjeve-dhe-konkluzioneve-paraprake-zgjedhjet-e-pjesshme-per-kryetarin-e-bashkise-kukes-24-shtator-2023","status":"publish","type":"post","link":"https:\/\/kriik.al\/home\/2023\/09\/25\/deklarata-e-gjetjeve-dhe-konkluzioneve-paraprake-zgjedhjet-e-pjesshme-per-kryetarin-e-bashkise-kukes-24-shtator-2023\/","title":{"rendered":"DEKLARATA E GJETJEVE DHE KONKLUZIONEVE PARAPRAKE &#8211; ZGJEDHJET E PJESSHME PER KRYETARIN E BASHKISE KUKES, 24 SHTATOR 2023"},"content":{"rendered":"\n<hr class=\"wp-block-separator\"\/>\n\n\n\n<p class=\"has-text-align-center\"><strong>Shkarko <a href=\"https:\/\/kriik.al\/home\/wp-content\/uploads\/2023\/09\/KRIIK-DeklarataEKonkluzioneveParaprake-ZgjedhjeKukes-20230925.pdf\" target=\"_blank\" rel=\"noopener\" title=\"\">Deklarat\u00ebn Paraprake<\/a> n\u00eb pdf<\/strong><\/p>\n\n\n\n<hr class=\"wp-block-separator\"\/>\n\n\n\n<p>Koalicioni p\u00ebr Reforma, Integrim dhe Institucione t\u00eb Konsoliduara (KRIIK), n\u00eb vazhd\u00ebn e angazhimit t\u00eb pand\u00ebrprer\u00eb t\u00eb tij prej m\u00eb shum\u00eb se nj\u00eb dekade, n\u00eb bashk\u00ebpunim me Rrjetin e konsoliduar t\u00eb Organizatave t\u00eb njohura Partnere Lokale, me synim sigurimin dhe p\u00ebrmir\u00ebsimin e Integritetit t\u00eb Procesit Zgjedhor n\u00eb vend, monitoroi mbi baza t\u00ebr\u00ebsisht vullnetare<a href=\"#_ftn1\" id=\"_ftnref1\">[1]<\/a> procesin e Zgjedhjeve t\u00eb Pjesshme p\u00ebr Kryetarin e Bashkis\u00eb Kuk\u00ebs, t\u00eb dat\u00ebs 24 shtator 2023.<\/p>\n\n\n\n<p>P\u00ebrgjat\u00eb periudh\u00ebs parazgjedhore, nj\u00eb ekip ekspert\u00ebsh ndoq\u00ebn situat\u00ebn politike dhe institucionale n\u00eb t\u00eb cil\u00ebn zgjedhjet u mbajt\u00ebn, si dhe v\u00ebzhguan n\u00eb m\u00ebnyr\u00eb t\u00eb pand\u00ebrprer\u00eb p\u00ebrgatitjen dhe administrimin e procesit zgjedhor nga ana e Komisionit Qendror t\u00eb Zgjedhjeve.<\/p>\n\n\n\n<p>Ekipi i ekspert\u00ebve kreu edhe nj\u00eb mision v\u00ebzhgimi n\u00eb Bashkin\u00eb Kuk\u00ebs, ku realizoi takime me an\u00ebtar\u00ebt e Komisionit Zonal t\u00eb Administrimit Zgjedhor, me p\u00ebrfaq\u00ebsues t\u00eb Partis\u00eb Socialiste dhe Koalicionit Bashk\u00eb Fitojm\u00eb n\u00eb Bashkin\u00eb Kuk\u00ebs.<\/p>\n\n\n\n<p>Dit\u00ebn e Zgjedhjeve dhe gjat\u00eb num\u00ebrimit t\u00eb votave, KRIIK angazhoi 9 aktivist\u00eb t\u00eb cil\u00ebt v\u00ebzhguan procesin e votimit dhe situat\u00ebn jasht\u00eb qendrave t\u00eb votimit n\u00eb 44 Qendra Votimi, aktivitetin e Komisionit Zonal t\u00eb Administrimit t\u00eb Zgjedhjeve p\u00ebrgjat\u00eb gjith\u00eb procesit t\u00eb shp\u00ebrndarjes s\u00eb materialeve zgjedhore, dit\u00ebs s\u00eb zgjedhjeve dhe num\u00ebrimit t\u00eb votave<a href=\"#_ftn2\" id=\"_ftnref2\">[2]<\/a>, si dhe procesin e num\u00ebrimit<a href=\"#_ftn3\" id=\"_ftnref3\">[3]<\/a>.<\/p>\n\n\n\n<p>KRIIK do t\u00eb vijoj\u00eb t\u00eb ndjek\u00eb t\u00ebr\u00eb procesin deri n\u00eb \u00e7ertifikimin e rezultatit dhe do t\u00eb dal\u00eb me nj\u00eb raport t\u00eb plot\u00eb mbi k\u00ebt\u00eb proces pas nj\u00eb muaji nga data e shpalljes s\u00eb rezultatit.<\/p>\n\n\n\n<p>Zgjedhjet e Pjesshme p\u00ebr Kryetarin e Bashkis\u00eb Kuk\u00ebs, t\u00eb 24 shtatorit 2023 u zhvilluan pasi kryebashkiaku i m\u00ebparsh\u00ebm i Kuk\u00ebsit, z. Safet Gjici, i rizgjedhur n\u00eb Zgjedhjet Vendore t\u00eb 14 majit 2023, u shkarkua nga detyra pasi u b\u00eb publik nj\u00eb p\u00ebrgjim video i realizuar n\u00eb zyr\u00ebn e tij, n\u00eb t\u00eb cil\u00ebn ky i fundit diskutonte ofrimin e nj\u00eb kontrate publike ndaj nj\u00eb shtetaseje, n\u00eb shk\u00ebmbim t\u00eb favoreve seksuale.<\/p>\n\n\n\n<p>Video u shfaq n\u00eb media, n\u00eb dat\u00ebn 16 qershor dhe po n\u00eb t\u00eb nj\u00ebjt\u00ebn dit\u00eb, K\u00ebshilli i Ministrave mori vendimin p\u00ebr shkarkimin e z. Gjici<a href=\"#_ftn4\" id=\"_ftnref4\">[4]<\/a>, me motivacionin \u201cp\u00ebr shkelje t\u00eb r\u00ebnda\u201d. Vendimi u publikua n\u00eb Fletoren Zyrtare<a href=\"#_ftn5\" id=\"_ftnref5\">[5]<\/a> pas dhjet\u00eb dit\u00ebsh, n\u00eb dat\u00eb 26 qershor, dhe ndaj tij nuk pati asnj\u00eb ankimim n\u00eb Gjykat\u00ebn Kushtetuese. N\u00eb t\u00eb nj\u00ebjt\u00ebn dit\u00eb, z. Gjici n\u00ebp\u00ebrmjet nj\u00eb postimi n\u00eb Facebook shpalli publikisht dor\u00ebheqjen e tij, por kjo dor\u00ebheqje nuk u zyrtarizua asnj\u00ebher\u00eb formalisht.<\/p>\n\n\n\n<p>I gjith\u00eb procesi i njoftimeve zyrtare p\u00ebr vakanc\u00ebn e krijuar nd\u00ebrmjet institucioneve, p\u00ebrjashtuar Institucionin e Presidentit t\u00eb Republik\u00ebs, p\u00ebrfundoi m\u00eb dat\u00ebn 22 qershor<a href=\"#_ftn6\" id=\"_ftnref6\">[6]<\/a>, nd\u00ebrkoh\u00eb q\u00eb publikimi i Vendimit t\u00eb shkarkimit n\u00eb Fletoren Zyrtare m\u00eb dat\u00ebn 26 qershor ishte nj\u00eb njoftim i dyt\u00eb zyrtar p\u00ebr t\u00eb gjith\u00eb Institucionet Shtet\u00ebrore n\u00eb Republik\u00ebn e Shqip\u00ebris\u00eb.<\/p>\n\n\n\n<p>&nbsp;&nbsp;&nbsp;&nbsp;&nbsp; Afatet e parashikuara n\u00eb Kushtetut\u00eb p\u00ebr caktimin e zgjedhjeve t\u00eb pjesshme n\u00eb Bashkin\u00eb Kuk\u00ebs u shkel\u00ebn, duke u mohuar banor\u00ebve t\u00eb saj zgjedhjen n\u00eb koh\u00eb t\u00eb organit ekzekutiv t\u00eb Qeverisjes Vendore n\u00eb Kuk\u00ebs.<\/p>\n\n\n\n<p>&nbsp;&nbsp;&nbsp;&nbsp;&nbsp; KRIIK konsideron t\u00eb pamjaftuesh\u00ebm, madje shqet\u00ebsues, q\u00ebndrimin totalisht pasiv t\u00eb Institucionit t\u00eb Presidentit t\u00eb Republik\u00ebs lidhur me caktimin e dat\u00ebs s\u00eb zgjedhjeve<a href=\"#_ftn7\" id=\"_ftnref7\">[7]<\/a>, nd\u00ebrkoh\u00eb fakti i krijimit t\u00eb vakanc\u00ebs, i njohur bot\u00ebrisht dhe i njoftuar zyrtarisht edhe n\u00ebp\u00ebrmjet fletores zyrtare, duhet t\u00eb nxiste Presidentin p\u00ebr t\u00eb investuar dhe nxitur p\u00ebrgjegjshm\u00ebrin\u00eb e institucioneve shtet\u00ebrore duke iu k\u00ebrkuar t\u00eb dh\u00ebna p\u00ebr \u00e7\u00ebshtje q\u00eb kan\u00eb t\u00eb b\u00ebjn\u00eb me detyrat e tyre<a href=\"#_ftn8\" id=\"_ftnref8\">[8]<\/a>.<\/p>\n\n\n\n<p>&nbsp;&nbsp;&nbsp; Vonesa n\u00eb njoftimin e Institucionit t\u00eb Presidentit<a href=\"#_ftn9\" id=\"_ftnref9\">[9]<\/a> nga ana e Institucionit t\u00eb K\u00ebshillit t\u00eb Ministrave, konkretisht prej Sekretarit t\u00eb P\u00ebrgjithsh\u00ebm t\u00eb saj, \u00ebsht\u00eb e pajustifikueshme dhe n\u00eb shkelje t\u00eb ligjit.<\/p>\n\n\n\n<p>&nbsp; &nbsp;&nbsp;KRIIK e konsideron k\u00ebt\u00eb sjellje pre t\u00eb kalkulimeve elektorale dhe nj\u00eb tjet\u00ebr rast t\u00eb p\u00ebrdorimit t\u00eb detyr\u00ebs shtet\u00ebrore n\u00eb funksion t\u00eb interesave elektorale t\u00eb nj\u00eb partie politike, n\u00eb k\u00ebt\u00eb rast t\u00eb maxhoranc\u00ebs socialiste<a href=\"#_ftn10\" id=\"_ftnref10\">[10]<\/a>.<\/p>\n\n\n\n<p>Pas njoftimit<a href=\"#_ftn11\" id=\"_ftnref11\">[11]<\/a>, Presidenti i Republik\u00ebs e shpalli dat\u00ebn p\u00ebr Zgjedhjet e Pjesshme p\u00ebr Kryetarin e Bashkis\u00eb Kuk\u00ebs n\u00eb dat\u00ebn 11 gusht 2023<a href=\"#_ftn12\" id=\"_ftnref12\">[12]<\/a>.<\/p>\n\n\n\n<p>N\u00eb zgjedhje u regjistruan 5 parti politike<a href=\"#_ftn13\" id=\"_ftnref13\">[13]<\/a> dhe nj\u00eb koalicion<a href=\"#_ftn14\" id=\"_ftnref14\">[14]<\/a>, por n\u00eb p\u00ebrfundim u regjistruan vet\u00ebm dy kandidat\u00eb, z. Albert Halilaj, i regjistruar n\u00ebn sigl\u00ebn e Partis\u00eb Socialiste dhe z. Emri Vata, i regjistruar n\u00ebn sigl\u00ebn e Koalicionit \u201cBashk\u00eb Fitojm\u00eb\u201d<a href=\"#_ftn15\" id=\"_ftnref15\">[15]<\/a>. &nbsp;<\/p>\n\n\n\n<p>Sipas raportimeve t\u00eb deritanishme t\u00eb KQZ-s\u00eb, n\u00eb 24 shtator votuan rreth 45.56% e zgjedh\u00ebsve (56 QV nga 74 n\u00eb total), nj\u00eb r\u00ebnie drastike prej rreth 8.5 pik\u00eb p\u00ebrqindje nga Zgjedhjet Lokale t\u00eb 14 majit, n\u00eb t\u00eb cil\u00ebn votuan rreth 54% e zgjedh\u00ebsve.<\/p>\n\n\n\n<p>Nd\u00ebrkoh\u00eb kandidati i Partis\u00eb Socialiste, z. Albert Halilaj fitoi 13,025 vota, kundrejt kandidatit t\u00eb Koalicionit \u201cBashk\u00eb Fitojm\u00eb, z. Emri Vata i cili fitoi 7,431 vota.<\/p>\n\n\n\n<p>Zgjedhjet e Pjesshme p\u00ebr Kryetarin e Bashkis\u00eb Kuk\u00ebs t\u00eb 24 shtatorit 2023 u mbajt\u00ebn n\u00eb t\u00eb nj\u00ebjt\u00ebn klim\u00eb politike t\u00eb tensionuar dhe ekstremisht t\u00eb polarizuar t\u00eb zgjedhjeve t\u00eb 14 majit 2023, si dhe t\u00eb tjerave zgjedhjeve pararend\u00ebse, mes akuzave t\u00eb opozit\u00ebs p\u00ebr manipulim masiv t\u00eb Zgjedhjeve p\u00ebr Organet e Qeverisjes Vendore 2023, n\u00eb linj\u00eb me q\u00ebndrimin e mbajtur prej saj prej zgjedhjeve t\u00eb vitit 2017<a href=\"#_ftn16\" id=\"_ftnref16\">[16]<\/a>. Nd\u00ebrkoh\u00eb, maxhoranca n\u00eb vazhdim\u00ebsi i ka konsideruar Zgjedhjet e 14 majit si m\u00eb t\u00eb mirat t\u00eb mbajtura n\u00eb vend.<\/p>\n\n\n\n<p>&nbsp;&nbsp; Narrativat totalisht t\u00eb ndryshme t\u00eb maxhoranc\u00ebs dhe opozit\u00ebs n\u00eb lidhje me integritetin e proceseve zgjedhore n\u00eb vend vijojn\u00eb t\u00eb thellojn\u00eb polarizimin politik e mos l\u00ebn\u00eb vend p\u00ebr adresim objektiv t\u00eb sfidave e parregullsive t\u00eb konstatuara, duke b\u00ebr\u00eb totalisht t\u00eb pavafavorshme klim\u00ebn e nevojshme p\u00ebr nj\u00eb reform\u00eb serioze e t\u00eb thell\u00eb zgjedhore.<\/p>\n\n\n\n<p>P\u00ebrgjat\u00eb periudh\u00ebs q\u00eb i parapriu Zgjedhjeve t\u00eb 24 shtatorit, kriza n\u00eb Partin\u00eb Demokratike u thellua akoma m\u00eb tej, me zgjedhjet e p\u00ebr kryetarin e partis\u00eb, t\u00eb zhvilluara n\u00eb dat\u00ebn 29 korrik. N\u00eb k\u00ebto zgjedhje z. Lulzim Basha u rizgjodh Kryetar i Partis\u00eb Demokratike<a href=\"#_ftn17\" id=\"_ftnref17\">[17]<\/a>, duke shkaktuar nj\u00eb ndarje akoma m\u00eb t\u00eb thell\u00eb n\u00eb Partin\u00eb Demokratike, pasi k\u00ebto zgjedhje u konsideruan n\u00eb kund\u00ebrshtim me statutin nga nj\u00eb pjes\u00eb e konsiderueshme e lidershipit t\u00eb Partis\u00eb, t\u00eb cil\u00ebt deri n\u00eb at\u00eb moment nuk kishin pranuar t\u00eb b\u00ebheshin pjes\u00eb e fraksionit t\u00eb p\u00ebrvijuar tanim\u00eb n\u00eb PD q\u00eb njeh si kryetar t\u00eb k\u00ebsaj partie z. Sali Berisha. Aktualisht, shumica e deputet\u00ebve t\u00eb zgjedhur n\u00ebn sigl\u00ebn e PD n\u00eb vitin 2021 nuk e njohin z. Basha si kryetar t\u00eb PD-s\u00eb. Kriza n\u00eb k\u00ebt\u00eb parti u pasqyrua edhe n\u00eb Kuvendin e Shqip\u00ebris\u00eb, me pretendimin e z. Basha dhe t\u00eb n\u00ebnt\u00eb deputet\u00ebve t\u00eb tjer\u00eb p\u00ebr ndryshimin e Kryetarit t\u00eb Grupit Parlamentar t\u00eb PD-s\u00eb, pretendim i cili nuk pranohet nga pjesa tjet\u00ebr e deputet\u00ebve t\u00eb zgjedhur n\u00ebn sigl\u00ebn e PD n\u00eb zgjedhjet parlamentare 2021.<\/p>\n\n\n\n<p>&nbsp;&nbsp;&nbsp;&nbsp;&nbsp; Duket se kjo kriz\u00eb do t\u00eb ndikoj\u00eb negativisht edhe n\u00eb funksionimin e Komisionit t\u00eb Posa\u00e7\u00ebm Parlamentar p\u00ebr Reform\u00ebn Zgjedhore, pasi rikompozimi i an\u00ebtar\u00ebsis\u00eb s\u00eb Komisionit Ad-Hoc, i k\u00ebrkuar nga pjesa m\u00eb e madhe e deputet\u00ebve t\u00eb zgjedhur n\u00ebn sigl\u00ebn e Partis\u00eb Demokratike nuk u pranua prej maxhoranc\u00ebs n\u00eb seanc\u00ebn plenare t\u00eb Kuvendit t\u00eb dat\u00ebs 21 shtator<a href=\"#_ftn18\" id=\"_ftnref18\">[18]<\/a>.<\/p>\n\n\n\n<p>Kodi Zgjedhor ka disa p\u00ebrcaktime n\u00eb lidhje me zgjedhjet e pjesshme, megjithat\u00eb nj\u00eb num\u00ebr \u00e7\u00ebshtjesh mbeten t\u00eb paadresuara dhe rregullohen me akte n\u00ebnligjore t\u00eb Komisionit Qendror t\u00eb Zgjedhjeve.<\/p>\n\n\n\n<p>N\u00eb funksion t\u00eb Zgjedhjeve t\u00eb Pjesshme p\u00ebr Kryetarin e Bashkis\u00eb Kuk\u00ebs, Komisioni Rregullator p\u00ebrcaktoi nj\u00eb s\u00ebr\u00eb afatesh procedurale dhe detyrash q\u00eb u rridhnin institucioneve t\u00eb tjera, n\u00eb dat\u00ebn 16 gusht 2023<a href=\"#_ftn19\" id=\"_ftnref19\">[19]<\/a>.<\/p>\n\n\n\n<p>N\u00eb total, Komisioneri Shtet\u00ebror i Zgjedhjeve miratoi 41 vendime dhe nj\u00eb Urdh\u00ebr, nd\u00ebrsa Komisioni Rregullator 5 vendime, n\u00eb funksion t\u00eb procesit zgjedhor, deri n\u00eb dit\u00ebn e zgjedhjeve.<\/p>\n\n\n\n<p>Nj\u00eb nga problematikat e identifikuara n\u00eb kuadrin rregullator t\u00eb miratuar ishte mungesa e detyrimit t\u00eb qart\u00eb p\u00ebr Autoritetin e Medias Audiovizive p\u00ebr t\u00eb monitoruar pasqyrimin e fushat\u00ebs n\u00eb mediat audiovizive. Kodi Zgjedhor<a href=\"#_ftn20\" id=\"_ftnref20\">[20]<\/a> dhe Metodologjia e Miratuar nga Komisioni Rregullator p\u00ebr monitorimin e medias audio-vizive<a href=\"#_ftn21\" id=\"_ftnref21\">[21]<\/a> k\u00ebrkojn\u00eb q\u00eb AMA t\u00eb monitoroj\u00eb mbulimin e fushat\u00ebs nga mediat dhe t\u2019i d\u00ebrgoj\u00eb raporte ditore KQZ-s\u00eb. Megjithat\u00eb, n\u00eb Vendimin nr. 28, p\u00ebr p\u00ebrcaktimin e afateve t\u00eb procesit zgjedhor t\u00eb 24 shtatorit, nuk p\u00ebrfshihej detyrimi i AMA-s p\u00ebr t\u00eb monitoruar mediat p\u00ebrgjat\u00eb fushat\u00ebs zgjedhore.<\/p>\n\n\n\n<p>Rekomandimi i KRIIK q\u00eb ky detyrim i AMA t\u00eb p\u00ebrfshihej n\u00eb m\u00ebnyr\u00eb eksplicite n\u00eb Vendimin nr. 28, rekomandim i cili nxitej nga precedenti i Zgjedhjeve t\u00eb P\u00ebrs\u00ebritura t\u00eb 23 korrikut 2023 p\u00ebr Kryetarin e Bashkis\u00eb Rrogozhin\u00eb<a href=\"#_ftn22\" id=\"_ftnref22\">[22]<\/a>, gjat\u00eb t\u00eb cilit ishte shkelur ligji nga AMA, duke mos monitoruar sjelljen e mediave p\u00ebrgjat\u00eb fushat\u00ebs<strong>, <\/strong>u votua kund\u00ebr nga tre an\u00ebtar\u00eb t\u00eb Komisionit Rregullator. Pretendimi p\u00ebr mospranimin e rekomandimit ishte se ky \u00ebsht\u00eb nj\u00eb detyrim q\u00eb AMA-s i cili rrjedh natyrsh\u00ebm nga Kodi Zgjedhor dhe nuk ishte i nevojsh\u00ebm. Nj\u00eb pretendim i paqart\u00eb dhe kontradiktor ky, p\u00ebr sa koh\u00eb q\u00eb nj\u00eb pjes\u00eb e konsiderueshme e neneve t\u00eb Vendimit nr. 28 jan\u00eb po ashtu p\u00ebrs\u00ebritje e detyrimeve t\u00eb cilat rrjedhin qart\u00eb nga Kodi Zgjedhor<a href=\"#_ftn23\" id=\"_ftnref23\">[23]<\/a>. \u00cbsht\u00eb i paqart\u00eb dhe nuk u sqarua n\u00eb asnj\u00eb rast publikisht kriteri i p\u00ebrdorur n\u00eb k\u00ebt\u00eb rast nga ana e Komisionit Rregullator p\u00ebr t\u00eb vendosur se cilat afate procedurale apo detyrime p\u00ebr institucionet e tjera duhet t\u00eb p\u00ebrfshihen n\u00eb vendim, pavar\u00ebsisht se jan\u00eb t\u00eb sanksionuara qart\u00eb n\u00eb ligj, dhe cilat jo.<\/p>\n\n\n\n<p>Komisioni Rregullator dhe Administrata e KQZ-s\u00eb nuk iu p\u00ebrgjigj\u00ebn shqet\u00ebsimit t\u00eb ngritur nga KRIIK lidhur me rregullimin e afateve t\u00eb akreditimit t\u00eb v\u00ebzhguesve vendas, ve\u00e7an\u00ebrisht atyre politik\u00eb, me synim kontrollin paraprak dhe disiplinimin e tyre.<\/p>\n\n\n\n<p>&nbsp;&nbsp;&nbsp;&nbsp; Ky shqet\u00ebsim u injorua, pavar\u00ebsisht fakteve dhe p\u00ebrvojave t\u00eb m\u00ebparshme t\u00eb shkeljeve t\u00eb ligjit t\u00eb sjella si argument, duke rezultuar n\u00eb nj\u00eb rregullim n\u00eb shkelje t\u00eb akteve t\u00eb vet\u00eb KQZ-s\u00eb e praktik\u00ebs s\u00eb ndjekur prej saj.<\/p>\n\n\n\n<p>T\u00ebr\u00eb k\u00ebto shqet\u00ebsime t\u00eb ngritura u konstatuan s\u00ebrish me akreditimin e v\u00ebzhguesve politik\u00eb edhe gjat\u00eb k\u00ebtij procesi zgjedhor.<\/p>\n\n\n\n<p>Lidhur me k\u00ebt\u00eb \u00e7\u00ebshtje KRIIK publikoi nj\u00eb Dokument (Q\u00ebndrim Publik)<a href=\"#_ftn24\" id=\"_ftnref24\">[24]<\/a> n\u00eb dat\u00ebn 15 shtator 2023, pasi konstatoi se megjith\u00ebse fushata kishte nisur, n\u00eb faqen e internetit t\u00eb KQZ-s\u00eb nuk u publikua raporti i monitorimit t\u00eb AMA-s p\u00ebr dit\u00ebn e par\u00eb t\u00eb fushat\u00ebs, dat\u00eb 11 shtator, nd\u00ebrkoh\u00eb q\u00eb nga informacionet e marra po n\u00eb k\u00ebt\u00eb dat\u00eb e n\u00eb vazhdim dukej se nj\u00eb monitorim i till\u00eb nuk do t\u00eb kryhej edhe p\u00ebr k\u00ebto zgjedhje.<\/p>\n\n\n\n<p>Pas publikimit t\u00eb k\u00ebtij q\u00ebndrimi, Autoriteti i Mediave Audiovizive njoftoi nisjen e pun\u00ebs<a href=\"#_ftn25\" id=\"_ftnref25\">[25]<\/a> dhe filloi depozitimin n\u00eb KQZ t\u00eb raporteve ditore t\u00eb monitorimit t\u00eb medias.<\/p>\n\n\n\n<p>Nga publikimet n\u00eb faqen zyrtare t\u00eb internetit t\u00eb KQZ, jan\u00eb depozituar raporte monitorimi deri n\u00eb dat\u00ebn 21 shtator 2023<a href=\"#_ftn26\" id=\"_ftnref26\">[26]<\/a>.<\/p>\n\n\n\n<p>Zgjedhjet u administruan nga Komisioni Qendror i Zgjedhjeve (KQZ), nj\u00eb Komision Zonal i Administrimit Zgjedhor (KZAZ nr. 11) dhe 74 Komisione t\u00eb Qendrave t\u00eb Votimit (KQV). Administrimi i aspekteve teknike t\u00eb procesit nga ana e Komisionit Qendror t\u00eb Zgjedhjeve ishte eficient.<\/p>\n\n\n\n<p>KZAZ nr. 11 n\u00eb Bashkin\u00eb Kuk\u00ebs u ngrit m\u00eb vendim t\u00eb KSHZ<a href=\"#_ftn27\" id=\"_ftnref27\">[27]<\/a>, n\u00eb respektim t\u00eb afateve ligjore, por n\u00eb thyerje t\u00eb ligjit<a href=\"#_ftn28\" id=\"_ftnref28\">[28]<\/a> sa i p\u00ebrket kuot\u00ebs gjinore, pra detyrimit q\u00eb 30 e an\u00ebtar\u00ebsis\u00eb s\u00eb saj duhet t\u00eb jen\u00eb gra, pasi t\u00eb gjith\u00eb an\u00ebtar\u00ebt e KZAZ ishin burra.<\/p>\n\n\n\n<p>Fillimisht n\u00eb p\u00ebrb\u00ebrjen<a href=\"#_ftn29\" id=\"_ftnref29\">[29]<\/a> e KZAZ-s\u00eb, n\u00eb funksion t\u00eb caktimit t\u00eb partis\u00eb m\u00eb t\u00eb madhe t\u00eb pozit\u00ebs dhe opozit\u00ebs, sipas leximit t\u00eb ligjit nga Komisioneri Shtet\u00ebror i Zgjedhjeve<a href=\"#_ftn30\" id=\"_ftnref30\">[30]<\/a> dhe m\u00eb pas edhe prej Komisionit p\u00ebr Ankesa dhe Sanksione<a href=\"#_ftn31\" id=\"_ftnref31\">[31]<\/a>, partia m\u00eb e madhe e opozit\u00ebs n\u00eb funksion t\u00eb propozimit t\u00eb an\u00ebtar\u00ebve t\u00eb KZAZ ishte Partia e Liris\u00eb. &nbsp;KZAZ nr. 11 funksionoi me k\u00ebt\u00eb p\u00ebrb\u00ebrje deri n\u00eb dat\u00ebn 21 shtator 2023.<\/p>\n\n\n\n<p>&nbsp;&nbsp;&nbsp;&nbsp;&nbsp; Kolegji Zgjedhor<a href=\"#_ftn32\" id=\"_ftnref32\">[32]<\/a> rr\u00ebzoi gjith\u00eb vendimmarrjen e KQZ-s\u00eb lidhur me p\u00ebrb\u00ebrjen e KZAZ-s\u00eb dhe vendosi t\u00eb konsideronte si partin\u00eb m\u00eb t\u00eb madhe t\u00eb opozit\u00ebs, n\u00eb funksion t\u00eb p\u00ebrb\u00ebrjes s\u00eb KZAZ-s\u00eb, Partin\u00eb Demokratike<a href=\"#_ftn33\" id=\"_ftnref33\">[33]<\/a>.<\/p>\n\n\n\n<p>Em\u00ebrimi i an\u00ebtar\u00ebve t\u00eb rinj, n\u00eb p\u00ebrmbushje t\u00eb k\u00ebtij vendimi u krye n\u00eb dat\u00ebn 21 shtator, shum\u00eb af\u00ebr dit\u00ebs s\u00eb zgjedhjeve dhe duke mos b\u00ebr\u00eb t\u00eb mundur trajnimin e tyre n\u00eb praktik\u00eb.<\/p>\n\n\n\n<p>P\u00ebrpos dinamik\u00ebs n\u00eb formimin e saj, KZAZ funksionoi p\u00ebrgjith\u00ebsisht n\u00eb m\u00ebnyr\u00eb kolegjiale, por jo transparente dhe profesionale, ve\u00e7an\u00ebrisht n\u00eb periudh\u00ebn deri n\u00eb dit\u00ebn e zgjedhjeve. Nga komunikimi verbal me p\u00ebrfaq\u00ebsues t\u00eb KQZ-s\u00eb, vendimmarrja nuk i ishte p\u00ebrcjell\u00eb Komisionit Qendror t\u00eb Zgjedhjeve n\u00eb p\u00ebrmbushje t\u00eb detyrimeve ligjore. Gjithashtu edhe p\u00ebr v\u00ebzhguesit e KRIIK, KZAZ krijoi v\u00ebshtir\u00ebsi p\u00ebr marrjen e vendimeve t\u00eb KZAZ-s\u00eb<a href=\"#_ftn34\" id=\"_ftnref34\">[34]<\/a>. KZAZ-ja tregoi mang\u00ebsi t\u00eb theksuara n\u00eb menaxhimin e situat\u00ebs ndaj v\u00ebzhguesve politik\u00eb, ve\u00e7an\u00ebrisht gjat\u00eb procesit t\u00eb nu\u00ebmrimit t\u00eb votave.<\/p>\n\n\n\n<p>An\u00ebtar\u00ebsia e Komisioneve t\u00eb Qendrave t\u00eb Votimit, kishte t\u00eb nj\u00ebjin konfigurim t\u00eb p\u00ebrfaq\u00ebsimit politik sikurse KZAZ-ja. An\u00ebtar\u00ebsia e KQV-ve u plot\u00ebsua n\u00eb afatet ligjore nga KZAZ-ja, por numri i lart\u00eb i ndryshimeve nga ana subjekteve zgjedhore deri n\u00eb momentin e fundit madje deri n\u00eb dit\u00ebn e zgjedhjeve, mbetet nj\u00eb problem madhor, i cili, edhe p\u00ebr shkak t\u00eb munges\u00ebs s\u00eb trajnimit nga em\u00ebrimi i vonuar, ndikon drejt\u00ebp\u00ebrdrejt n\u00eb performanc\u00ebn e KQV-ve gjat\u00eb dit\u00ebs s\u00eb zgjedhjeve, sikurse u v\u00ebrejt n\u00eb nj\u00eb s\u00ebr\u00eb qendrash votimi t\u00eb v\u00ebzhguara.<\/p>\n\n\n\n<p>N\u00eb list\u00ebn e zgjedh\u00ebsve ishin 45.946 zgjedh\u00ebs. Lista e Zgjedh\u00ebsve u gjenerua nga DPGJC brenda afateve ligjore dhe u afishua nga Bashkia Kuk\u00ebs p\u00ebrgjith\u00ebsisht n\u00eb t\u00ebr\u00eb ambientet e Qendrave t\u00eb Votimit.<\/p>\n\n\n\n<p>&nbsp;&nbsp;&nbsp; Lista e zgjedh\u00ebsve n\u00eb QV e posa\u00e7me nr. 0636\/01 n\u00eb IEVP Kuk\u00ebs, kishte 16 zgjedh\u00ebs n\u00eb momentin e krijimit t\u00eb saj<a href=\"#_ftn35\" id=\"_ftnref35\">[35]<\/a>. N\u00eb p\u00ebrmbushje t\u00eb detyrimeve ligjore<a href=\"#_ftn36\" id=\"_ftnref36\">[36]<\/a>, KSHZ autorizoi<a href=\"#_ftn37\" id=\"_ftnref37\">[37]<\/a> KZAZ-n\u00eb p\u00ebr formimin e Komisionit t\u00eb Qendr\u00ebs s\u00eb Votimit n\u00eb k\u00ebt\u00eb institucion t\u00eb posa\u00e7\u00ebm. N\u00eb dat\u00ebn 23 shtator n\u00eb dark\u00eb, IEVP Kuk\u00ebs i paraqiti KZAZ-s\u00eb k\u00ebrkes\u00ebn p\u00ebr t\u00eb votuar edhe t\u00eb 18 individ\u00ebve t\u00eb tjer\u00eb t\u00eb cil\u00ebt kishin k\u00ebrkuar leje p\u00ebr t\u00eb votuar n\u00eb gjykat\u00eb, dhe kjo e fundit kish vendosur pranimin e k\u00ebrkes\u00ebs s\u00eb tyre dhe lejimin p\u00ebr t\u00eb votuar<a href=\"#_ftn38\" id=\"_ftnref38\">[38]<\/a>.<\/p>\n\n\n\n<p>Kandidati p\u00ebr Kryetar Bashkie i Koalicioni \u201cBashk\u00eb Fitojm\u00eb\u201d, z. Emri Vata, reagoi n\u00eb lidhje me regjistrimin e k\u00ebtyre personave shtes\u00eb, duke pretenduar se ata jan\u00eb regjistruar n\u00eb kund\u00ebrshtim me ligjin, pasi nuk jan\u00eb banor\u00eb t\u00eb regjistruar t\u00eb Bashkis\u00eb Kuk\u00ebs.<\/p>\n\n\n\n<p>Fushata zgjedhore u zhvillua n\u00eb m\u00ebnyr\u00eb t\u00eb qet\u00eb dhe pa asnj\u00eb incident t\u00eb regjistruar. P\u00ebrgjith\u00ebsisht, metodat e fushat\u00ebs ishin takime t\u00eb ngushta me zgjedh\u00ebsit. Fushata u zhvillua kryesisht nga p\u00ebrfaq\u00ebsuesit lokal\u00eb t\u00eb subjekteve zgjedhore, nd\u00ebrkoh\u00eb q\u00eb pati edhe pjes\u00ebmarrje t\u00eb p\u00ebrfaq\u00ebsuesve politik\u00eb n\u00eb nivel qendror, por jo duke eklipsuar kandidat\u00ebt lokal\u00eb.<\/p>\n\n\n\n<p>&nbsp;&nbsp;&nbsp;&nbsp; P\u00ebrfaq\u00ebsuesit e shtabit elektoral t\u00eb kandidatit t\u00eb Koalicionit \u201cBashk\u00eb Fitojm\u00eb\u201d pretenduan se ka patur tentativa t\u00eb shumta dhe t\u00eb organizuara p\u00ebr intimidim mbi n\u00ebpun\u00ebsit publik\u00eb dhe zgjedh\u00ebsit n\u00eb p\u00ebrgjith\u00ebsi.<\/p>\n\n\n\n<p>&nbsp;&nbsp;&nbsp; KRIIK mori edhe pretendime t\u00eb besueshme p\u00ebr p\u00ebrdorim t\u00eb administrat\u00ebs n\u00eb fushat\u00ebn zgjedhore dhe organizime nga ana e maxhoranc\u00ebs n\u00eb drejtimin e vot\u00ebs n\u00eb m\u00ebnyr\u00eb kapilare, n\u00ebp\u00ebrmjet patronazhimit, \u00e7\u00b4ka u manifestua edhe n\u00eb dit\u00ebn e zgjedhjeve nga grupimet e personave q\u00eb tentonin t\u00eb drejtonin vot\u00ebn n\u00eb m\u00ebnyr\u00eb t\u00eb organizuar n\u00eb af\u00ebrsi t\u00eb qendrave t\u00eb votimit.<\/p>\n\n\n\n<p>Edhe n\u00eb k\u00ebt\u00eb proces, pavar\u00ebsisht se i zhvilluar n\u00eb sfondin e nj\u00eb fushate elektorale t\u00eb qet\u00eb, pati shkelje ligjore nga ana e p\u00ebrfaq\u00ebsuesve t\u00eb maxhoranc\u00ebs. Kjo e fundit dhe kandidati i propozuar prej saj njoftuan zhvillimin e nj\u00eb koncerti n\u00eb sheshin qendror t\u00eb qytetit t\u00eb Kuk\u00ebsit n\u00eb p\u00ebrmbyllje t\u00eb fushat\u00ebs elektorale. Njoftimi p\u00ebr zhvillimin e nj\u00eb aktiviteti t\u00eb till\u00eb, t\u00eb ndaluar nga ligji<a href=\"#_ftn39\" id=\"_ftnref39\">[39]<\/a>, u krye n\u00eb rrjetin social Facebook nga kandidati i Partis\u00eb Socialiste<a href=\"#_ftn40\" id=\"_ftnref40\">[40]<\/a>.<\/p>\n\n\n\n<p>&nbsp;&nbsp;&nbsp;&nbsp; N\u00eb p\u00ebrgjigje t\u00eb nj\u00eb hetimi administrativ t\u00eb nisur nga KQZ n\u00eb lidhje me k\u00ebt\u00eb \u00e7\u00ebshtje pas nj\u00eb denoncimi, Partia Socialiste njoftoi zyrtarisht KQZ-n\u00eb duke theksuar se koncerti nuk organizohej nga PS apo kandidati i saj<a href=\"#_ftn41\" id=\"_ftnref41\">[41]<\/a>. M\u00eb pas njoftimi i publikuar u fshi nga faqja e kandidatit. KQZ-ja vendosi pushimin e \u00e7\u00ebshtjes bazuar n\u00eb k\u00ebt\u00eb pretendim.<\/p>\n\n\n\n<p>Vendimi p\u00ebr pushimin e hetimit administrativ, n\u00eb gjykimin e KRIIK, \u00ebsht\u00eb i pasakt\u00eb dhe bazohet n\u00eb nj\u00eb t\u00eb kuptuar t\u00eb shtremb\u00ebruar t\u00eb ligjit, pasi Kodi Zgjedhor qartas p\u00ebrcakton se ndalohet organizimi i t\u00eb tilla eventeve<a href=\"#_ftn42\" id=\"_ftnref42\">[42]<\/a>.<\/p>\n\n\n\n<p>Kandidati i Partis\u00eb Socialiste p\u00ebr kryetar bashkie, n\u00ebp\u00ebrmjet postimit dhe deklarimit publik t\u00eb b\u00ebr\u00eb konstatohet qartazi si organizator i k\u00ebtij eventi, duke qen\u00eb se kishte postuar n\u00eb faqen e tij zyrtare n\u00eb Facebook ftes\u00ebn p\u00ebr pjes\u00ebmarrje, shoq\u00ebruar me nj\u00eb poster ku pohohej se koncerti organizohej n\u00eb kuad\u00ebr t\u00eb fushat\u00ebs s\u00eb tij. N\u00eb k\u00ebt\u00eb m\u00ebnyr\u00eb konstatohet se \u00ebsht\u00eb konsumuar tashm\u00eb shkelja e parashikuar nga ligji duke e filluar organizimin dhe publikuar prej disa dit\u00ebsh mbajtjen e tij, e p\u00ebrfituar k\u00ebsisoj avantazhe t\u00eb parashikuara nga ligji si t\u00eb ndaluara.<\/p>\n\n\n\n<p>&nbsp;&nbsp; P\u00ebr m\u00eb tep\u00ebr, n\u00eb deklarimin e b\u00ebr\u00eb gjat\u00eb hetimit administrativ, konstatohet se ai pranon se aktiviteti do t\u00eb zhvillohet dhe se ai nuk organizohet prej tij, ndryshe nga sa duket q\u00eb ka kuptuar dhe parashtruar KSHZ, duke \u00e7uar n\u00eb vendimmarrjen e pushimit t\u00eb hetimit administrativ.<\/p>\n\n\n\n<p>N\u00eb vler\u00ebsimin e KRIIK, KQZ-ja do t\u00eb duhet t\u00eb kishte aplikuar sanksion administrativ ndaj kandidatit p\u00ebr organizimin e koncertit dhe n\u00eb vendimmarrjen e vet t\u00eb ndalonte specifikisht kryerjen e tij, pavar\u00ebsisht pretendimeve t\u00eb pal\u00ebs s\u00eb denoncuar.<\/p>\n\n\n\n<p>Kryerja e koncertit \u00ebsht\u00eb raportuar edhe nga monitoruesi<a href=\"#_ftn43\" id=\"_ftnref43\">[43]<\/a>, i em\u00ebruar dhe angazhuar nga KQZ. &nbsp;N\u00eb t\u00eb ishin prezent edhe zv.kryeministrja, ministra e zyrtar\u00eb, \u00e7\u00b4ka faktohet nga postimet e aktivitetit t\u00eb rrjetet sociale<a href=\"#_ftn44\" id=\"_ftnref44\">[44]<\/a>.&nbsp;<\/p>\n\n\n\n<p>&nbsp;&nbsp;&nbsp; Relativizimi i ligjit n\u00eb procesin e vendimmarrjes nga KQZ n\u00eb k\u00ebt\u00eb rast, passolli zhvillimin e nj\u00eb veprimtarie e cila \u00ebsht\u00eb e ndaluar, n\u00eb sfid\u00eb t\u00eb hapur ndaj ligjit dhe me p\u00ebrdorimin e artificave q\u00eb keqp\u00ebrdorin germ\u00ebn e ligjit p\u00ebr t\u00eb anashkaluar frym\u00ebn e tij, nj\u00eb sjellje e p\u00ebrs\u00ebritur kjo nga ana e maxhoranc\u00ebs dhe kandidat\u00ebve t\u00eb saj apo ofiqar\u00ebve t\u00eb lart\u00eb zyrtar\u00eb.<\/p>\n\n\n\n<p>&nbsp;&nbsp;&nbsp; Nd\u00ebrkoh\u00eb q\u00eb pritet t\u00eb shihet sjellja e KQZ-s\u00eb n\u00eb vijim n\u00eb lidhje me k\u00ebt\u00eb \u00e7\u00ebshtje, KRIIK thekson se sanksionet administrative post factum q\u00eb mund t\u00eb vendosen ndaj kandidatit Halilaj apo Partis\u00eb Socialiste, n\u00ebse do t\u00eb ket\u00eb t\u00eb tilla, jan\u00eb pa vler\u00eb reale n\u00eb k\u00ebt\u00eb pik\u00eb dhe se sjellja e KQZ-s\u00eb d\u00ebshtoi t\u00eb de-kurajonte shkeljen e ligjit nga ana e kandidat\u00ebve apo subjekteve zgjedhore, \u00e7\u00b4ka \u00ebsht\u00eb q\u00ebllimi kryesor i ligjit.<\/p>\n\n\n\n<p>P\u00ebrgjat\u00eb gjith\u00eb periudh\u00ebs s\u00eb fushat\u00ebs zgjedhore, n\u00eb nd\u00ebrfaqen e KQZ u raportua<a href=\"#_ftn45\" id=\"_ftnref45\">[45]<\/a> vet\u00ebm nj\u00eb aktivitet i cili zhvillohej nga institucionet n\u00eb nivel qendror apo lokal, n\u00eb zon\u00ebn e Bashkis\u00eb Kuk\u00ebs. &nbsp;&nbsp;&nbsp;<\/p>\n\n\n\n<p>&nbsp;&nbsp;&nbsp;&nbsp;&nbsp; Nd\u00ebrkoh\u00eb, nga konstatimet e KRIIK n\u00eb Bashkin\u00eb Kuk\u00ebs rezulton t\u00eb jet\u00eb kryer edhe, s\u00eb paku, nj\u00eb aktivitet publik i cili nuk u raportua<a href=\"#_ftn46\" id=\"_ftnref46\">[46]<\/a>.<\/p>\n\n\n\n<p>N\u00eb KQZ u paraqit dhe shqyrtua nj\u00eb denoncim<a href=\"#_ftn47\" id=\"_ftnref47\">[47]<\/a>, i cili u shqyrtua nga Komisioneri dhe konkludoi n\u00eb pushimin e \u00e7\u00ebshtjes.<\/p>\n\n\n\n<p>Monitoruesja e em\u00ebruar nga KQZ<a href=\"#_ftn48\" id=\"_ftnref48\">[48]<\/a>, depozitoi 3 raporte monitorimi p\u00ebr periudh\u00ebn e v\u00ebzhgimit. KRIIK v\u00ebren si problematik mosverifikimin paraprak t\u00eb monitoruesve nga KQZ dhe p\u00ebrzgjedhjen e atyre individ\u00ebve t\u00eb cil\u00ebt nuk jan\u00eb banor\u00eb t\u00eb zon\u00ebs ku ata kryejn\u00eb monitorimin, duke b\u00ebr\u00eb objektivisht t\u00eb v\u00ebshtir\u00eb apo edhe t\u00eb pamundur p\u00ebrmbushjen e detyrave t\u00eb ngarkuara nga ligji.<\/p>\n\n\n\n<p>Heshtja zgjedhore duket se u respektua nga subjektet zgjedhore dhe media. Megjithat\u00eb, KRIIK v\u00ebren se praktika e dh\u00ebnies s\u00eb intervistave apo prononcimeve publike nga ana e kandidat\u00ebve dit\u00ebn e zgjedhjeve n\u00eb vetvete p\u00ebrb\u00ebn fushat\u00eb elektorale, pasi edhe vet\u00eb prania e tyre n\u00eb media lidhet domosdoshm\u00ebrisht me fushat\u00ebn dhe thirrjet e tyre p\u00ebr pjes\u00ebmarrje, n\u00eb thelb, kuptohen nga zgjedh\u00ebsit si thirrje p\u00ebr t\u00eb votuar p\u00ebr ta, duke p\u00ebrb\u00ebr\u00eb indirekt, fushat\u00eb.<\/p>\n\n\n\n<p>Autoriteti i Medias Audiovizive ka monitoruar 20 televizione dhe dor\u00ebzuar n\u00eb KQZ 12 raporte ditore<a href=\"#_ftn49\" id=\"_ftnref49\">[49]<\/a> dhe nj\u00eb raport n\u00ebnt\u00eb ditor<a href=\"#_ftn50\" id=\"_ftnref50\">[50]<\/a> t\u00eb monitorimit.<\/p>\n\n\n\n<p>&nbsp;&nbsp;&nbsp;&nbsp;&nbsp; Referuar shifrave t\u00eb monitorimit t\u00eb paraqitura n\u00eb raporte, n\u00eb p\u00ebrgjith\u00ebsi \u00ebsht\u00eb v\u00ebrejtur nj\u00eb dominanc\u00eb e mbulimit p\u00ebr Koalicionin \u201cBashk\u00eb Fitojm\u00eb\u201d dhe kandidatin e k\u00ebtij koalicioni, z. Emri Vata.<\/p>\n\n\n\n<p>Megjithat\u00eb, metodologjia e monitorimit, n\u00eb vazhd\u00ebn e zgjedhjeve t\u00eb m\u00ebparshme \u00ebsht\u00eb vet\u00ebm sasiore. Tabelat e monitorimit p\u00ebrmbajn\u00eb vet\u00ebm minutat e dedikuara secilit subjekt, por nuk ka t\u00eb dh\u00ebna mbi tonin e mbulimit, \u00e7\u00b4ka pamund\u00ebson nj\u00eb gjykim t\u00eb sakt\u00eb mbi paan\u00ebsin\u00eb e mediave n\u00eb mbulimin e fushat\u00ebs.<\/p>\n\n\n\n<p>&nbsp;&nbsp;&nbsp;&nbsp;&nbsp; Referuar raporteve t\u00eb monitorimit t\u00eb AMA-s, subjektet zgjedhore nuk kan\u00eb transmetuar reklama n\u00eb mediat audiovizive.<\/p>\n\n\n\n<p>&nbsp;&nbsp;&nbsp;&nbsp;&nbsp; P\u00ebrsa i p\u00ebrket reklam\u00ebs n\u00eb t\u00eb tjera platforma, KRIIK monitoroi librarin\u00eb e reklamave t\u00eb kompanis\u00eb Meta, q\u00eb p\u00ebrfshin reklamat politike n\u00eb platformat sociale Facebook dhe Instagram dhe evidentohet se as aty nuk ka patur reklama n\u00eb lidhje me fushat\u00ebn p\u00ebr Zgjedhjet e Pjesshme n\u00eb Kuk\u00ebs.<\/p>\n\n\n\n<p>Vler\u00ebsohet pozitivisht mbulimi i gjer\u00eb q\u00eb media i b\u00ebri dit\u00ebs s\u00eb zgjedhjeve dhe problematikave t\u00eb saj.<\/p>\n\n\n\n<p><strong>KRIIK v\u00ebren me shqet\u00ebsim se angazhimi nga organizatat e shoq\u00ebris\u00eb civile vendase apo edhe nga aktor\u00ebt nd\u00ebrkomb\u00ebtar\u00eb p\u00ebr t\u00eb v\u00ebzhguar procesin zgjedhor p\u00ebr Zgjedhjet e pjesshme p\u00ebr Kryetar t\u00eb Bashkis\u00eb Kuk\u00ebs ishte minimal, me nj\u00eb num\u00ebr shum\u00eb t\u00eb ul\u00ebt v\u00ebzhguesish vendas<\/strong><a href=\"#_ftn51\" id=\"_ftnref51\">[51]<\/a><strong> dhe asnj\u00eb v\u00ebzhgues nd\u00ebrkomb\u00ebtar t\u00eb akredituar. <\/strong><strong><\/strong><\/p>\n\n\n\n<p>Dita e zgjedhjeve ishte e qet\u00eb dhe pa asnj\u00eb incident. Problematikat kryesore kishin t\u00eb b\u00ebnin me: &#8211; pranin\u00eb e personave t\u00eb paautorizuar n\u00eb af\u00ebrsi t\u00eb qendrave t\u00eb votimit, t\u00eb cil\u00ebt n\u00eb nj\u00eb num\u00ebr t\u00eb konsideruesh\u00ebm rastesh ishin t\u00eb pajisur me lista zgjedh\u00ebsish dhe kontrollonin kush paraqitej p\u00ebr t\u00eb votuar; &nbsp;raste t\u00eb transportimit t\u00eb organizuar t\u00eb votuesve, votimin familjar apo mostimbrosja e votuesve.<\/p>\n\n\n\n<p>V\u00ebzhguesit e KRIIK v\u00ebrejt\u00ebn nivele t\u00eb ndryshme t\u00eb p\u00ebrgatitjes dhe njohurive mbi procesin nga ana e komisioner\u00ebve; n\u00eb disa zona, kryesisht rurale, niveli i njohurive dhe p\u00ebrgatitjes ishte duksh\u00ebm i ul\u00ebt dhe komisioner\u00ebt kishin nevoj\u00eb n\u00eb vazhdim\u00ebsi p\u00ebr mb\u00ebshtetje dhe konsulenc\u00eb nga ana e KZAZ-s\u00eb apo t\u00eb stafit t\u00eb KQZ-s\u00eb.<\/p>\n\n\n\n<p>Kat\u00ebr qendra votimi<a href=\"#_ftn52\" id=\"_ftnref52\">[52]<\/a>, nga tet\u00eb ku ishin prezent v\u00ebzhguesit e KRIIK gjat\u00eb hapjes, u hap\u00ebn me vones\u00eb, p\u00ebr shkak t\u00eb nivelit shum\u00eb t\u00eb ul\u00ebt t\u00eb p\u00ebrgatitjes s\u00eb komisioner\u00ebve. N\u00eb nj\u00eb num\u00ebr t\u00eb konsideruesh\u00ebm t\u00eb QV-ve, materialet informuese p\u00ebr votuesit u vendos\u00ebn nj\u00eb deri n\u00eb dy or\u00eb pasi votimi kishte nisur.<\/p>\n\n\n\n<p>Sipas an\u00ebtar\u00ebve t\u00eb KZAZ-s\u00eb, prezenca e komisioner\u00ebve t\u00eb qendrave t\u00eb votimit n\u00eb trajnimet e zhvilluara ka qen\u00eb shum\u00eb e ul\u00ebt, \u00e7\u00b4ka, n\u00eb kombinim me ndryshimin e tyre n\u00eb momentin e fundit, mund t\u00eb jet\u00eb nj\u00eb nga faktor\u00ebt kryesor\u00eb p\u00ebr munges\u00ebn e njohurive dhe p\u00ebrgatitjes s\u00eb tyre jo t\u00eb p\u00ebrshtatshme.<\/p>\n\n\n\n<p>Problematikat m\u00eb shqet\u00ebsuese p\u00ebrsa i p\u00ebrket administrimit ishin niveli shum\u00eb i ul\u00ebt i p\u00ebrgatitjes s\u00eb komisioner\u00ebve t\u00eb qendrave t\u00eb votimit lidhur me procesin e votimit, mosreagimi i komisioner\u00ebve ndaj personave t\u00eb paautorizuar n\u00eb af\u00ebrsi t\u00eb qendrave t\u00eb votimit<a href=\"#_ftn53\" id=\"_ftnref53\">[53]<\/a>, mosreagimi ndaj votimit familjar<a href=\"#_ftn54\" id=\"_ftnref54\">[54]<\/a>, mostimbrosja e votuesve<a href=\"#_ftn55\" id=\"_ftnref55\">[55]<\/a>, ndikim i votuesve<a href=\"#_ftn56\" id=\"_ftnref56\">[56]<\/a>, etj.<\/p>\n\n\n\n<p>Edhe n\u00eb k\u00ebto zgjedhje, sikurse edhe n\u00eb zgjedhjet e m\u00ebparshme, v\u00ebrehet shqet\u00ebsuese prania e personave t\u00eb paautorizuar n\u00eb af\u00ebrsi t\u00eb qendrave t\u00eb votimit apo edhe n\u00eb brend\u00ebsi t\u00eb tyre, p\u00ebrfshir\u00eb mjediset e brendshme t\u00eb godinave publike ku ishin t\u00eb alokuara qendrat e votimit dhe mjediset rrethuese t\u00eb tyre<a href=\"#_ftn57\" id=\"_ftnref57\">[57]<\/a>.<\/p>\n\n\n\n<p>Prania e k\u00ebtyre personave n\u00eb af\u00ebrsi t\u00eb qendrave t\u00eb votimit \u00ebsht\u00eb i kund\u00ebrligjsh\u00ebm<a href=\"#_ftn58\" id=\"_ftnref58\">[58]<\/a>, nd\u00ebrkoh\u00eb q\u00eb ndikon qartas vullnetin e votuesve, pasi zgjedh\u00ebsit mund t\u00eb ndihen t\u00eb intimiduar p\u00ebr t\u00eb marr\u00eb pjes\u00eb apo p\u00ebr t\u00eb votuar lirisht n\u00eb kushte t\u00eb tilla t\u00eb t\u00eb qenit vazhdimisht t\u00eb kontrolluar dhe n\u00eb survejim.<\/p>\n\n\n\n<p>&nbsp;&nbsp;&nbsp;&nbsp; N\u00eb nj\u00eb num\u00ebr t\u00eb konsideruesh\u00ebm t\u00eb rasteve, personat e paautorizuar q\u00eb q\u00ebndronin pran\u00eb qendrave t\u00eb votimit ishin t\u00eb pajisur me lista t\u00eb zgjedh\u00ebsve, \u00e7\u00b4ka u mund\u00ebsonte t\u00eb kishin informacion t\u00eb plot\u00eb mbi personat q\u00eb paraqiteshin p\u00ebr t\u00eb votuar. Kjo e kombinuar me informimin q\u00eb an\u00ebt\u00ebrt e KQV-ve apo v\u00ebzhguesit politik\u00eb n\u00eb to, jepnin mbi votuesit, b\u00ebnin t\u00eb mundur p\u00ebrfaq\u00ebsuesve t\u00eb partive politike t\u00eb kishin informacion t\u00eb plot\u00eb se kush ishte paraqitur p\u00ebr t\u00eb votuar e kush jo.<\/p>\n\n\n\n<p>&nbsp;&nbsp;&nbsp; &nbsp;V\u00ebzhguesit e KRIIK u njoftuan n\u00eb nj\u00eb num\u00ebr rastesh se personat q\u00eb q\u00ebndronin jasht\u00eb qendrave t\u00eb votimit ishin punonj\u00ebs t\u00eb administrat\u00ebs. N\u00eb s\u00eb paku nj\u00eb rast<a href=\"#_ftn59\" id=\"_ftnref59\">[59]<\/a>, v\u00ebzhguesit e KRIIK madje v\u00ebrejt\u00ebn se an\u00ebtar\u00ebt e komisionit t\u00eb qendr\u00ebs s\u00eb votimit ishin t\u00eb angazhuar drejtp\u00ebrdrejt n\u00eb organizimin e transportit p\u00ebr personat q\u00eb nuk ishin paraqitur p\u00ebr t\u00eb votuar.<\/p>\n\n\n\n<p>&nbsp;&nbsp;&nbsp;&nbsp; V\u00ebzhguesit e KRIIK v\u00ebrejt\u00ebn gjithashtu transport t\u00eb organizuar t\u00eb zgjedh\u00ebsve n\u00eb nj\u00eb num\u00ebr t\u00eb qendrave t\u00eb votimit, kryesisht n\u00eb zonat rurale.<\/p>\n\n\n\n<p>T\u00eb dy k\u00ebto fenomene jan\u00eb t\u00eb lidhura ngusht\u00eb me nj\u00ebri-tjetrin gjat\u00eb Dit\u00ebs s\u00eb Zgjedhjeve dhe manifestojn\u00eb qartazi funksionimin e sistemit t\u00eb patronazhimit politik dhe drejtimit kapilar t\u00eb vot\u00ebs, q\u00eb vijon t\u00eb mbetet nj\u00eb problematik\u00eb madhore, jo vet\u00ebm e paadresuar n\u00eb asnj\u00eb rast si shqet\u00ebsim, por e pranuar me entuziaz\u00ebm si nj\u00eb vler\u00eb kryesore nga ana e maxhoranc\u00ebs, duke e zhvilluar dhe zgjeruar me tej.<\/p>\n\n\n\n<p>U konstatuia se Pajisja Elektronike e Identifikimit (PEI) funksionoi normalisht n\u00eb t\u00eb gjitha QV-t\u00eb e v\u00ebzhguara. &nbsp;<\/p>\n\n\n\n<p>Procesi i votimit p\u00ebrfundoi n\u00eb or\u00ebn 19:00 sipas parashikimit ligjor. Procesi i dor\u00ebzimit t\u00eb materialeve zgjedhore nisi rreth or\u00ebs 19:30 dhe p\u00ebrfundoi rreth or\u00ebs 22:00. Dor\u00ebzimi i materialeve zgjedhore n\u00eb KZAZ procedoi n\u00eb m\u00ebnyr\u00eb t\u00eb rregullt, por prezenca e shtuar dhe e pajustifikuar e v\u00ebzhguesve t\u00eb subjekteve zgjedhore u b\u00eb penges\u00eb dhe krijoi rr\u00ebmuj\u00eb, duke shkaktuar edhe nj\u00eb vones\u00eb prej rreth nj\u00eb ore nga momenti i p\u00ebrfundimit t\u00eb dor\u00ebzimit t\u00eb materialeve zgjedhore deri n\u00eb nisjen e num\u00ebrimit.<\/p>\n\n\n\n<p>KZAZ-ja k\u00ebrkoi ndihm\u00ebn e Policis\u00eb s\u00eb Shtetit p\u00ebr t\u00eb nxjerr\u00eb jasht\u00eb nj\u00eb pjes\u00eb t\u00eb v\u00ebzhguesve politik\u00eb p\u00ebrpara se t\u00eb niste num\u00ebrimin, i cili nisi rreth or\u00ebs 23:00. V\u00ebzhguesit politik\u00eb vazhdojn\u00eb t\u00eb p\u00ebrb\u00ebjn\u00eb problem e shqet\u00ebsim serioz mbi mbar\u00ebvajtjen e procesit. Moskontrolli dhe moszbatimi i ligjit q\u00eb n\u00eb momentin e par\u00eb t\u00eb akreditimit t\u00eb tyre b\u00ebn q\u00eb t\u00ebr\u00eb detyrimet dhe mekanizmat e tjer\u00eb kontrollues ndaj tyre t\u00eb mbet\u00ebn fiktiv\u00eb dhe pa asnj\u00eb funksionalitet.<\/p>\n\n\n\n<p>Gjat\u00eb vijimit t\u00eb procesit t\u00eb num\u00ebrimit pati s\u00ebrish prezenc\u00eb t\u00eb shtuar dhe t\u00eb pakontrolluar t\u00eb p\u00ebrfaq\u00ebsuesve dhe v\u00ebzhguesve nga subjektet zgjedhore si brenda n\u00eb Vendin e Num\u00ebrimit t\u00eb Votave, ashtu edhe jasht\u00eb tij, por nuk pati asnj\u00eb problematik\u00eb p\u00ebr tu sh\u00ebnuar.<\/p>\n\n\n\n<p>Procesi i num\u00ebrimit vijoi p\u00ebrgjith\u00ebsisht shpejt dhe n\u00eb m\u00ebnyr\u00eb korrekte. Ai u mbyll rreth or\u00ebs 12.00 t\u00eb s\u00eb h\u00ebn\u00ebs dat\u00eb 25 shtator 2023.<\/p>\n\n\n\n<p>P\u00ebrgjat\u00eb dit\u00ebs s\u00eb zgjedhjeve dhe num\u00ebrimit t\u00eb votave u v\u00ebrejt nj\u00eb prezenc\u00eb e lart\u00eb e stafit mb\u00ebshtet\u00ebs nga Komisioni Qendror i Zgjedhjeve n\u00eb ndihm\u00eb t\u00eb KZAZ-s\u00eb dhe KQV-ve, madje dhe e zyrtar\u00ebve t\u00eb lart\u00eb t\u00eb tij, n\u00eb gjykimin e KRIIK e pajustifikueshme p\u00ebr normalitetin q\u00eb duhet t\u00eb ndjek\u00eb nj\u00eb proces zgjedhor, p\u00ebr m\u00eb tep\u00ebr i pjessh\u00ebm.<\/p>\n\n\n\n<p><strong><em><u>Tiran\u00eb,&nbsp; m\u00eb 25 Shtator 2023!<\/u><\/em><\/strong><\/p>\n\n\n\n<hr class=\"wp-block-separator\"\/>\n\n\n\n<p class=\"has-small-font-size\"><a href=\"#_ftnref1\" id=\"_ftn1\">[1]<\/a> Dit\u00ebn e Zgjedhjeve n\u00eb terren u angazhuan aktivist\u00eb t\u00eb KRIIK dhe t\u00eb Organizatave Partnere: Qendra Rinore e Vlor\u00ebs (QRV), Qendra e K\u00ebshillimit t\u00eb Grave dhe Sh\u00ebrbimeve Sociale \u2013 Kuk\u00ebs, si dhe Grupi Lokal i Veprimit &#8211; Integrimi (GLV Integrimi) &#8211; Dib\u00ebr.<\/p>\n\n\n\n<p class=\"has-small-font-size\"><a href=\"#_ftnref2\" id=\"_ftn2\">[2]<\/a> Tri v\u00ebzhgues v\u00ebzhguan aktivitetin e KZAZ-s\u00eb p\u00ebrgjat\u00eb Dit\u00ebs s\u00eb Zgjedhjeve dhe gjat\u00eb num\u00ebrimit.<\/p>\n\n\n\n<p class=\"has-small-font-size\"><a href=\"#_ftnref3\" id=\"_ftn3\">[3]<\/a> Dy v\u00ebzhgues v\u00ebzhguan pun\u00ebn e grupeve t\u00eb num\u00ebrimit t\u00eb votave p\u00ebrgjat\u00eb procesit t\u00eb num\u00ebrimit.<\/p>\n\n\n\n<p class=\"has-small-font-size\"><a href=\"#_ftnref4\" id=\"_ftn4\">[4]<\/a> <a href=\"http:\/\/qbz.gov.al\/eli\/vendim\/2023\/06\/16\/367\">Vendim nr. 367<\/a>, dat\u00eb 16.6.2023 i K\u00ebshillit t\u00eb Ministrave, <em>\u201cP\u00ebr shkarkimin nga detyra t\u00eb Kryetarit t\u00eb Bashkis\u00eb Kuk\u00ebs, z. Safet Gjici\u201d<\/em>.<\/p>\n\n\n\n<p class=\"has-small-font-size\"><a href=\"#_ftnref5\" id=\"_ftn5\">[5]<\/a> Qendra e Botimeve Zyrtare, <a href=\"https:\/\/qbz.gov.al\/share\/fboXl7deTNWl3nw8_FbSgw\">Fletore Zyrtare nr. 94<\/a>, dat\u00eb 26.6.2023.<\/p>\n\n\n\n<p class=\"has-small-font-size\"><a href=\"#_ftnref6\" id=\"_ftn6\">[6]<\/a> Pas shkarkimit t\u00eb Kryetarit t\u00eb Bashkis\u00eb Kuk\u00ebs, m\u00eb dat\u00ebn 19.06.2023, Sekretari i P\u00ebrgjithsh\u00ebm i K\u00ebshillit t\u00eb Ministrave njofton zyrtarisht p\u00ebr vendimin e shkarkimit Kryeministrin\u00eb, Ministrin\u00eb e Brendshme, Bashkin\u00eb Kuk\u00ebs, Komisionin Qendror t\u00eb Zgjedhjeve, si dhe Qendr\u00ebn e Botimeve Zyrtare.<\/p>\n\n\n\n<p class=\"has-small-font-size\">&nbsp;&nbsp;&nbsp; M\u00eb dat\u00ebn 20.06.2023, Bashkia Kuk\u00ebs n\u00ebp\u00ebrmjet Sekretarit t\u00eb P\u00ebrgjithsh\u00ebm t\u00eb saj, njofton&nbsp; p\u00ebr vendimin e shkarkimit Prefektin e Qarkut si dhe K\u00ebshillin Bashkiak.<\/p>\n\n\n\n<p class=\"has-small-font-size\">Ky i fundit n\u00eb zbatim t\u00eb nenit 61 pika 3 me nj\u00eb shkres\u00eb t\u00eb Kryetarit t\u00eb K\u00ebshillit Bashkiak po t\u00eb dat\u00ebs 20.06.2023 njofton K\u00ebshillin e Ministrave n\u00ebp\u00ebrmjet Prefektit t\u00eb Qarkut Kuk\u00ebs.<\/p>\n\n\n\n<p class=\"has-small-font-size\">Prefekti i Qarkut Kuk\u00ebs m\u00eb dat\u00eb 22.06.2023 me shkres\u00ebn nr. 296\/2 prot. njofton K\u00ebshillin e Ministrave.<\/p>\n\n\n\n<p class=\"has-small-font-size\"><a href=\"#_ftnref7\" id=\"_ftn7\">[7]<\/a> Ligji Nr. 8417, dat\u00eb 21.10.1998 \u201cKushtetuta e Republik\u00ebs s\u00eb Shqip\u00ebris\u00eb\u201d, Neni 115, pika 3: \u201c<em>N\u00eb rastin e mosushtrimit t\u00eb s\u00eb drejt\u00ebs s\u00eb ankimit brenda 15 dit\u00ebve, ose n\u00eb rastin e l\u00ebnies n\u00eb fuqi t\u00eb vendimit t\u00eb K\u00ebshillit t\u00eb Ministrave nga Gjykata Kushtetuese, Presidenti i Republik\u00ebs cakton dat\u00ebn e zgjedhjeve n\u00eb nj\u00ebsin\u00eb vendore p\u00ebrkat\u00ebse.<\/em>\u201d.<\/p>\n\n\n\n<p class=\"has-small-font-size\"><a href=\"#_ftnref8\" id=\"_ftn8\">[8]<\/a> Ligji Nr. 8417, dat\u00eb 21.10.1998 \u201cKushtetuta e Republik\u00ebs s\u00eb Shqip\u00ebris\u00eb\u201d, Neni 92 \u201c<em>Presidenti ushtron edhe k\u00ebto kompetenca: (..)<\/em><\/p>\n\n\n\n<p class=\"has-small-font-size\"><em>gj) cakton dat\u00ebn e zgjedhjeve p\u00ebr Kuvendin, p\u00ebr organet e pushtetit vendor dhe p\u00ebr zhvillimin e referendumeve;<\/em><\/p>\n\n\n\n<p class=\"has-small-font-size\"><em>h) k\u00ebrkon mendim dhe t\u00eb dh\u00ebna me shkrim nga drejtuesit e institucioneve shtet\u00ebrore p\u00ebr \u00e7\u00ebshtje q\u00eb kan\u00eb t\u00eb b\u00ebjn\u00eb me detyrat e tyre.<\/em>\u201d<\/p>\n\n\n\n<p class=\"has-small-font-size\"><a href=\"#_ftnref9\" id=\"_ftn9\">[9]<\/a> Nga komunikimi me Institucionin e Presidentit t\u00eb Republik\u00ebs rezultoi se deri n\u00eb mesdit\u00ebn e dat\u00ebs 10 gusht 2023, Presidenti i Republik\u00ebs nuk ishte njoftuar shkres\u00ebrisht prej K\u00ebshillit t\u00eb Ministrave p\u00ebr nd\u00ebrprerjen e mandatit dhe vakanc\u00ebn e krijuar n\u00eb funksionin e zgjedhur t\u00eb Kryetarit t\u00eb Bashkis\u00eb Kuk\u00ebs.<\/p>\n\n\n\n<p class=\"has-small-font-size\">N\u00eb nj\u00eb komunikim verbal me p\u00ebrfaq\u00ebsues t\u00eb Institucionit t\u00eb Presidentit mw datw 10.08.2023, KRIIK i informoi p\u00ebr faktin e konfirmuar zyrtarisht se z. Gjici nuk e kishte ushtruar t\u00eb drejt\u00ebn e ankimit n\u00eb Gjykat\u00ebn Kushtetuese sipas afateve t\u00eb parashikuara n\u00eb nenin 115 t\u00eb Kushtetut\u00ebs dhe se K\u00ebshilli i Bashkis\u00eb Kuk\u00ebs e kishte njoftuar K\u00ebshillin e Ministrave q\u00eb m\u00eb dat\u00ebn 22.06.2023 p\u00ebr vakanc\u00ebn e krijuar, bazuar n\u00eb nenin 61 pika 3 t\u00eb ligjit 139\/2015 \u201cP\u00ebr veteqeverisjen vendore\u201d.<\/p>\n\n\n\n<p class=\"has-small-font-size\">KRIIK shprehu gjithashtu rezervat e tij p\u00ebr q\u00ebndrimin e institucionit t\u00eb Presidentit dhe opinionin p\u00ebr nj\u00eb qasje m\u00eb proaktive t\u00eb tij lidhur me k\u00ebt\u00eb \u00e7\u00ebshtje.<\/p>\n\n\n\n<p class=\"has-small-font-size\"><a href=\"#_ftnref10\" id=\"_ftn10\">[10]<\/a> Duke marr\u00eb n\u00eb konsiderat\u00eb respektimin e procedurave t\u00eb parashikuara me nj\u00eb qasje t\u00eb p\u00ebrgjegjshme apo proaktive t\u00eb institucioneve, parashikohej q\u00eb data e zgjedhjeve t\u00eb mbaheshin jo m\u00eb her\u00ebt se n\u00eb dat\u00eb 10 gusht dhe jo m\u00eb von\u00eb se 25 gusht 2023, nj\u00eb periudh\u00eb fushate zgjedhore aspak e volitshme, pasi konsiderohet dhe \u00ebsht\u00eb periudh\u00eb pushimesh p\u00ebr nj\u00eb pjes\u00eb t\u00eb qytetar\u00ebve, administrat\u00ebs shtet\u00ebrore dhe t\u00ebr\u00eb aktor\u00ebve t\u00eb tjer\u00eb.<\/p>\n\n\n\n<p class=\"has-small-font-size\"><a href=\"#_ftnref11\" id=\"_ftn11\">[11]<\/a> Nga komunikimi me Institucionin e Presidentit t\u00eb Republik\u00ebs u b\u00eb e ditur verbalisht se njoftimi zyrtar prej K\u00ebshillit t\u00eb Ministrave kishte mb\u00ebrritur n\u00eb Institucionin e Presidentit t\u00eb Republik\u00ebs pasditen e dat\u00ebs 10 gusht 2023.<\/p>\n\n\n\n<p class=\"has-small-font-size\">Kodi Zgjedhor, n\u00eb Nenin 10 pika 3 t\u00eb tij parashikon se \u201c<em>N\u00eb rast t\u00eb nd\u00ebrprerjes s\u00eb mandatit, p\u00ebr shkaqet e parashikuara n\u00eb nenin 115 t\u00eb Kushtetut\u00ebs, zgjedhjet mbahen jo m\u00eb par\u00eb se 30 dit\u00eb dhe jo m\u00eb von\u00eb se 45 dit\u00eb nga data e njoftimit t\u00eb nd\u00ebrprerjes s\u00eb mandatit. \u2026<\/em>\u201d.<\/p>\n\n\n\n<p class=\"has-small-font-size\"><a href=\"#_ftnref12\" id=\"_ftn12\">[12]<\/a> <a href=\"https:\/\/president.al\/presidenti-begaj-dekreton-caktimin-e-dates-se-zgjedhjeve-per-kryetar-te-bashkise-kukes\/\">Dekret nr. 186<\/a>, dat\u00eb 11.8.2023 i Presidentit t\u00eb Republik\u00ebs, \u201cP\u00ebr caktimin e dat\u00ebs s\u00eb zgjedhjeve p\u00ebr Kryetar t\u00eb Bashkis\u00eb Kuk\u00ebs\u201d<\/p>\n\n\n\n<p class=\"has-small-font-size\"><a href=\"#_ftnref13\" id=\"_ftn13\">[13]<\/a> Partia Socialiste, Partia Demokratike, Partia e Liris\u00eb, Partia Demokristiane e Shqip\u00ebris\u00eb, Partia P\u00ebr Europianizimin dhe Integrimin e Shqip\u00ebris\u00eb.<\/p>\n\n\n\n<p class=\"has-small-font-size\"><a href=\"#_ftnref14\" id=\"_ftn14\">[14]<\/a> Koalicioni \u201cBashk\u00eb Fitojm\u00eb\u201d.<\/p>\n\n\n\n<p class=\"has-small-font-size\"><a href=\"#_ftnref15\" id=\"_ftn15\">[15]<\/a> Koalicioni \u201cBashk\u00eb Fitojm\u00eb\u201d u regjistrua si subjekt zgjedhor me <a href=\"https:\/\/kqz.gov.al\/wp-content\/uploads\/2023\/09\/dszmfm_765-.9.2023_Per-shqyrtimin-e-kerkeses-per-regj-Koalicioni-Bashke-Fitojme.pdf\">Vendimin nr. 765<\/a>, dat\u00eb 7.9.2023 t\u00eb Komisionerit Shtet\u00ebror t\u00eb Zgjedhjeve. N\u00eb p\u00ebrb\u00ebrje t\u00eb tij jan\u00eb Partia e Liris\u00eb dhe Partia Demokristiane e Shqip\u00ebris\u00eb.<\/p>\n\n\n\n<p class=\"has-small-font-size\"><a href=\"#_ftnref16\" id=\"_ftn16\">[16]<\/a> N\u00eb dat\u00eb 5 shtator 2023, opozita publikoi nj\u00eb <a href=\"https:\/\/pdsh.al\/the-book-of-the-electoral-farce-of-may-14-2023-in-albania\/\">Raport mbi Zgjedhjet e 14 majit<\/a>, me shkeljet e pretenduara n\u00eb k\u00ebto zgjedhje prej k\u00ebsaj force politike.<\/p>\n\n\n\n<p class=\"has-small-font-size\"><a href=\"#_ftnref17\" id=\"_ftn17\">[17]<\/a> Z. Basha kishte dh\u00ebn\u00eb dor\u00ebheqjen nga drejtimi i partis\u00eb publikisht n\u00eb mars t\u00eb vitit 2021, dor\u00ebheqje e cila asnj\u00ebher\u00eb nuk u pasua me zgjedhje t\u00eb reja p\u00ebr Kryetar t\u00eb Partis\u00eb dhe si rrjedhim nuk u formalizua zyrtarisht n\u00eb Regjistrin e Partive Politike pran\u00eb Gjykat\u00ebs s\u00eb Shkall\u00ebs s\u00eb Par\u00eb t\u00eb Juridiksionit t\u00eb P\u00ebrgjithsh\u00ebm Tiran\u00eb. De jure Partia Demokratike, vijon ende t\u00eb jet\u00eb e drejtuar nga z. Basha.<\/p>\n\n\n\n<p class=\"has-small-font-size\"><a href=\"#_ftnref18\" id=\"_ftn18\">[18]<\/a> N\u00eb seanc\u00ebn plenare t\u00eb dat\u00ebs 21 shtator 2023 Kuvendi i Shqip\u00ebris\u00eb <a href=\"https:\/\/web-api.parlament.al\/Files\/202309221129128531Flet%C3%AB%20votimi.pdf\">vendosi<\/a> shtyrjen e mandatit t\u00eb Komisionit t\u00eb Posa\u00e7\u00ebm Parlamentar p\u00ebr reform\u00ebn Zgjedhore me 6 muaj me t\u00eb nj\u00ebjt\u00ebn an\u00ebtar\u00ebsi.<\/p>\n\n\n\n<p class=\"has-small-font-size\"><a href=\"#_ftnref19\" id=\"_ftn19\">[19]<\/a> <a href=\"https:\/\/kqz.gov.al\/wp-content\/uploads\/2023\/08\/Vendim-nr.-28-date-16.8.2023-.pdf\">Vendimi nr. 28<\/a>, dat\u00eb 16.8.2023 i Komisionit Rregullator.<\/p>\n\n\n\n<p class=\"has-small-font-size\"><a href=\"#_ftnref20\" id=\"_ftn20\">[20]<\/a> Neni 85 i <a href=\"https:\/\/qbz.gov.al\/preview\/75122d2e-9ebc-45de-b0ea-b5efde2f6836\">Kodit Zgjedhor<\/a>.<\/p>\n\n\n\n<p class=\"has-small-font-size\"><a href=\"#_ftnref21\" id=\"_ftn21\">[21]<\/a> <a href=\"https:\/\/kqz.gov.al\/wp-content\/uploads\/Vendime-Regullatori\/2021\/02\/Vendim_Nr.002_210130_Per-miratimin-e-metodologjise-se-monitorimit-te-medias-audio-dhe-audiovizive.pdf\">Vendim nr. 2, dat\u00eb 30.01.2021 i Komisionit Rregullator<\/a>, \u201c<em>P\u00ebr miratimin e Metodologjis\u00eb s\u00eb Monitorimit t\u00eb Medias Audio dhe Vizive\u201d, i ndryshuar me Vendimin nr. 07, dat\u00eb 27.01.2022 \u201cP\u00ebr disa ndryshime dhe shtesa n\u00eb vendimin nr. 2, dat\u00eb 30.01.2021, t\u00eb Komisionit Rregullator, \u201cP\u00ebr miratimin e metodologjis\u00eb s\u00eb monitorimit t\u00eb medias audio dhe audiovizive<\/em>\u201d.<\/p>\n\n\n\n<p class=\"has-small-font-size\"><a href=\"#_ftnref22\" id=\"_ftn22\">[22]<\/a> Shih <a href=\"https:\/\/kriik.al\/home\/2023\/07\/25\/deklarata-e-gjetjeve-dhe-konkluzioneve-paraprake\/\">Deklarat\u00ebn e Gjetjeve dhe Konkluzioneve Paraprake<\/a> t\u00eb KRIIK p\u00ebr Zgjedhjet e p\u00ebrs\u00ebritura p\u00ebr Kryetarin e Bashkis\u00eb Rrogozhin\u00eb, 25 korrik 2023.<\/p>\n\n\n\n<p class=\"has-small-font-size\"><a href=\"#_ftnref23\" id=\"_ftn23\">[23]<\/a> Si p.sh pika 4, pika 5 e Vendimit, etj.<\/p>\n\n\n\n<p class=\"has-small-font-size\"><a href=\"#_ftnref24\" id=\"_ftn24\">[24]<\/a> <a href=\"https:\/\/kriik.al\/home\/wp-content\/uploads\/2023\/09\/KRIIK-QENDRIM-PUBLIK-KQZtePermbusheDetyrimetLigjorePerSigEIntegritetTeZgjedhjeve-20230915.pdf\">Q\u00ebndrim Publik<\/a>: \u201cKomisioni Qendror i Zgjedhjeve t\u00eb p\u00ebrmbush\u00eb me seriozitet e p\u00ebrkushtim detyrimet ligjore p\u00ebr sigurimin e Integritetit t\u00eb Zgjedhjeve n\u00eb vend\u201d.<\/p>\n\n\n\n<p class=\"has-small-font-size\"><a href=\"#_ftnref25\" id=\"_ftn25\">[25]<\/a> \u201cPun\u00eb intensive e ekipit t\u00eb Drejtoris\u00eb s\u00eb Monitorimit dhe Analiz\u00ebs dhe njesive t\u00eb tjera n\u00eb AMA, p\u00ebr t\u00eb p\u00ebrmbushur detyrimet q\u00eb dalin nga zbatimi i Kodit Zgjedhor, p\u00ebr monitorimin e fushat\u00ebs zgjedhore n\u00eb mediat audio dhe audiovizive p\u00ebr zgjedhjet e pjesshme p\u00ebr Kryetar t\u00eb Bashkis\u00eb Kuk\u00ebs, t\u00eb dat\u00ebs 24 shtator\u201d. <a href=\"https:\/\/m.facebook.com\/story.php?story_fbid=pfbid0VUhfVzDSM3y6W9YdE1LH9ZupNdbrRPx7tHQZbDAAiLCVE48USSTbfPAd99ZKfxgGl&amp;id=100069173015258&amp;mibextid=Nif5oz\">Postim n\u00eb faqen zyrtare n\u00eb facebook t\u00eb Autoriteti t\u00eb Mediave Audiovizive (AMA)<\/a> m\u00eb dat\u00ebn 16 shtator 2023.<\/p>\n\n\n\n<p class=\"has-small-font-size\"><a href=\"#_ftnref26\" id=\"_ftn26\">[26]<\/a> N\u00eb total AMA ka dor\u00ebzuar n\u00eb KQZ 11 raporte ditore dhe 2 raporte javore. Raporti i dat\u00ebs 22 shtator \u00ebsht\u00eb shp\u00ebrndar\u00eb me email prej KQZ-s\u00eb, por nuk \u00ebsht\u00eb hedhur ende n\u00eb faqen e internetit t\u00eb saj.<\/p>\n\n\n\n<p class=\"has-small-font-size\"><a href=\"#_ftnref27\" id=\"_ftn27\">[27]<\/a> <a href=\"https:\/\/kqz.gov.al\/wp-content\/uploads\/2023\/08\/Vendim-nr.-729-date-24.8.2023-Per-ngritjen-dhe-thirrjen-e-mbledhjes-se-pare-te-KZAZ-11.pdf\">Vendim nr. 729 dat\u00eb 24.8.2023<\/a>, \u201c<em>P\u00ebr ngritjen dhe thirrjen e mbledhjes s\u00eb par\u00eb t\u00eb Komisionit t\u00eb Zon\u00ebs t\u00eb Administrimit Zgjedhor nr. 11, p\u00ebr zgjedhjet e pjesshme p\u00ebr Kryetar t\u00eb Bashkis\u00eb Kuk\u00ebs, t\u00eb dat\u00ebs 24 shtator 2023<\/em>\u2033.<\/p>\n\n\n\n<p class=\"has-small-font-size\"><a href=\"#_ftnref28\" id=\"_ftn28\">[28]<\/a> Kodi Zgjedhor, Neni 29 pika 1\/\u00e7.<\/p>\n\n\n\n<p class=\"has-small-font-size\"><a href=\"#_ftnref29\" id=\"_ftn29\">[29]<\/a> 4 an\u00ebtar\u00eb t\u00eb propozuar nga PS, 2 an\u00ebtar\u00eb t\u00eb propozuar nga PL dhe 1 an\u00ebtar i propozuar nga PD.<\/p>\n\n\n\n<p class=\"has-small-font-size\"><a href=\"#_ftnref30\" id=\"_ftn30\">[30]<\/a> <a href=\"https:\/\/kqz.gov.al\/wp-content\/uploads\/2023\/08\/Vendim-722-date-19.8.0023partite_propozim_KZAZ_shtator_2023.pdf\">Vendimi nr.722 dat\u00eb 19.08.2023<\/a> i KSHZ.<\/p>\n\n\n\n<p class=\"has-small-font-size\"><a href=\"#_ftnref31\" id=\"_ftn31\">[31]<\/a> <a href=\"https:\/\/kqz.gov.al\/wp-content\/uploads\/2023\/09\/Vendim-nr.-181-date-06.09.2023-Rishqyrtim-K.A-93.pdf\">Vendimi nr. 181 dat\u00eb 07.09.2023<\/a> i KAS.<\/p>\n\n\n\n<p class=\"has-small-font-size\"><a id=\"_ftn32\" href=\"#_ftnref32\">[32]<\/a> \u00a0<a href=\"https:\/\/gjykata.gov.al\/media\/4023\/njoftim-vendimarrje-e-kzgj-partia-demokratike-e-shqiperise-13092023.pdf\">Njoftim Vendimmarrja e KZGJ<\/a> mbi ankimimin e Partis\u00eb Demokratike t\u00eb Shqip\u00ebris\u00eb, dat\u00eb 15.09.2023.<\/p>\n\n\n\n<p class=\"has-small-font-size\"><a href=\"#_ftnref33\" id=\"_ftn33\">[33]<\/a> Kolegji zgjedhor vendosi: \u201c\u2026 Ndryshimin e vendimit t\u00eb Komisionerit Shtet\u00ebror t\u00eb Zgjedhjeve nr. 722, dat\u00eb 19.08.2023, n\u00eb shkronj\u00ebn \u201cb\u201d dhe \u201cc\u201d t\u00eb pik\u00ebs 1 t\u00eb tij, si m\u00eb posht\u00eb: b) dy an\u00ebtar\u00eb propozohen nga \u201cPartia Demokratike e Shqip\u00ebris\u00eb\u201d (PDSH); c) nj\u00eb an\u00ebtar propozohet nga \u201cPartia e Liris\u00eb\u201d (PL)\u201d.<\/p>\n\n\n\n<p class=\"has-small-font-size\"><a href=\"#_ftnref34\" id=\"_ftn34\">[34]<\/a> Kodi Zgjedhor, Neni 24, pika \u00eb, p\u00ebrcakton si nj\u00eb nga detyrat e Sekretarit t\u00eb KZAZ-s\u00eb: \u201cu jep subjekteve zgjedhore ose personave t\u00eb tret\u00eb, pa pages\u00eb dhe brenda 24 or\u00ebve nga paraqitja e k\u00ebrkes\u00ebs, kopje t\u00eb v\u00ebrtetuara t\u00eb vendimeve t\u00eb KZAZ-s\u00eb ose procesverbaleve t\u00eb mbledhjeve t\u00eb tyre\u201d.<\/p>\n\n\n\n<p class=\"has-small-font-size\"><a href=\"#_ftnref35\" id=\"_ftn35\">[35]<\/a> Sipas <a href=\"https:\/\/dpbsh.gov.al\/te-dhena-statistikore-te-sistemit-te-burgjeve-korrik-2023\/\">t\u00eb dh\u00ebnave t\u00eb Drejtoris\u00eb s\u00eb P\u00ebrgjithshme t\u00eb Burgjeve<\/a> n\u00eb IEVP Kuk\u00ebs, n\u00eb muajin korrik kan\u00eb qen\u00eb duke vuajtur d\u00ebnimin 46 persona.<\/p>\n\n\n\n<p class=\"has-small-font-size\"><a href=\"#_ftnref36\" id=\"_ftn36\">[36]<\/a> Kodi Zgjedhor, neni 43.<\/p>\n\n\n\n<p class=\"has-small-font-size\"><a href=\"#_ftnref37\" id=\"_ftn37\">[37]<\/a> <a href=\"https:\/\/kqz.gov.al\/wp-content\/uploads\/2023\/09\/Vendim-nr.-781-date-19.9.2023-Per-krijimin-e-KQV-se-posacme-nr.-063601-KZAZ-11.pdf\">Vendimi nr. 781 dat\u00eb 19.09.2023<\/a> i Komisionerit.<\/p>\n\n\n\n<p class=\"has-small-font-size\"><a href=\"#_ftnref38\" id=\"_ftn38\">[38]<\/a> Vendimi Nr. 55-2023-952, dat\u00eb 23.09.2023 i Gjykat\u00ebs s\u00eb Shkall\u00ebs s\u00eb Par\u00eb t\u00eb Juridiksionit t\u00eb P\u00ebrgjithsh\u00ebm Kuk\u00ebs.<\/p>\n\n\n\n<p class=\"has-small-font-size\">Vlen t\u00eb theksohet se n\u00eb IEVP Kuk\u00ebs nuk u ngrit nj\u00eb qend\u00ebr votimi n\u00eb zgjedhjet e dat\u00ebs 14 maj 2023, \u00e7ka n\u00ebnkupton q\u00eb n\u00eb at\u00eb IEVP nuk ka patur t\u00eb pakt\u00ebn 15 individ\u00eb banor\u00eb t\u00eb zon\u00eb n\u00eb at\u00eb dat\u00eb.<\/p>\n\n\n\n<p class=\"has-small-font-size\"><a href=\"#_ftnref39\" id=\"_ftn39\">[39]<\/a> Kodi Zgjedhor, Neni 78 pika 9 \u201c<em>Subjekteve zgjedhore dhe kandidat\u00ebve u ndalohet t\u00eb organizojn\u00eb, kryejn\u00eb apo mbulojn\u00eb shpenzimet vet\u00eb ose n\u00ebp\u00ebrmjet t\u00eb tret\u00ebve p\u00ebr koncerte, shfaqe kulturore arg\u00ebtuese apo veprimtari bamir\u00ebsie, pavar\u00ebsisht n\u00ebse ato mbahen p\u00ebrgjat\u00eb ose n\u00eb lidhje me tubimet elektorale, apo zhvillohen si veprimtari fushate ose jasht\u00eb saj<\/em>.\u201d<\/p>\n\n\n\n<p class=\"has-small-font-size\"><a href=\"#_ftnref40\" id=\"_ftn40\">[40]<\/a> <a href=\"https:\/\/www.youtube.com\/watch?v=yCHdmXbT9Qw\">PS koncert kund\u00ebr ligjit n\u00eb Kuk\u00ebs <\/a>&nbsp;<\/p>\n\n\n\n<p class=\"has-small-font-size\"><a href=\"#_ftnref41\" id=\"_ftn41\">[41]<\/a> Subjekti Zgjedhor \u201cPartia Socialiste e Shqip\u00ebris\u00eb\u201d, n\u00ebp\u00ebrmjet shkres\u00ebs s\u00eb Sekretarit p\u00ebr \u00c7\u00ebshtje Zgjedhore, z. Eridian Salianji, me nr. extra prot., dat\u00eb 20.9.2023, administruar nga KQZ me nr. 6942\/1 prot., dat\u00eb 20.9.2023, me l\u00ebnd\u00eb \u201cKthim p\u00ebrgjigje\u201d, ka b\u00ebr\u00eb me dijeni se: \u201cJemi njohur me shkres\u00ebn tuaj nr. 6942 prot., dat\u00eb 20.9.2023, lidhur me aktivitetin, koncert q\u00eb do t\u00eb zhvillohej sot, n\u00eb dat\u00eb 20.9.2023, ora 18:30, n\u00eb Bashkin\u00eb Kuk\u00ebs nga ana e PS dhe kandidati z. Albert Halilaj. Ju b\u00ebjm\u00eb me dije se Partia Socialiste dhe kandidati i saj, z. Albert Halilaj, nuk organizon dhe nuk zhvillon sot koncertin n\u00eb qytetin e Kuk\u00ebsit\u201d.<\/p>\n\n\n\n<p class=\"has-small-font-size\">Z. Albert Halilaj, kandidat p\u00ebr Kryetar t\u00eb Bashkis\u00eb Kuk\u00ebs, ka kthyer p\u00ebrgjigje n\u00ebp\u00ebrmjet post\u00ebs elektronike, t\u00eb dat\u00ebs 20.9.2023, ku b\u00ebn me dijeni se: \u201cPasi jam njohur me shkres\u00ebn tuaj nr. 6942 prot., dat\u00eb 20.9.2023 p\u00ebrsa i p\u00ebrket koncertit q\u00eb do t\u00eb zhvillohet sot, n\u00eb Bashkin\u00eb Kuk\u00ebs, ju b\u00ebj me dije se un\u00eb, si kandidat p\u00ebr Kryetar Bashkie i \u201cPartis\u00eb Socialiste\u201d nuk organizoj dhe zhvilloj koncertin sot n\u00eb qytetin e Kuk\u00ebsit\u201d.<\/p>\n\n\n\n<p class=\"has-small-font-size\"><a href=\"#_ftnref42\" id=\"_ftn42\">[42]<\/a> Vendimi nr. 783 dat\u00eb 20.09.2023 KSHZ: \u201cNga analiza ligjore, pas verifikimit t\u00eb t\u00eb dh\u00ebnave, provave dhe fakteve t\u00eb administruara vler\u00ebsojm\u00eb se, n\u00eb kushtet kur subjekti zgjedhor \u201cPartia Socialiste e Shqip\u00ebris\u00eb\u201d dhe kandidati i saj p\u00ebr Kryetar Bashkie, z. Albert Halilaj angazhohen p\u00ebr respektimin e dispozitave ligjore t\u00eb Kodit Zgjedhor dhe marrjen e masave p\u00ebr mos t\u00eb zhvilluar aktivitetin e planifikuar, nuk gjendemi para kryerjes s\u00eb shkeljes administrative, sipas nenit 78, pika 9 t\u00eb Kodit Zgjedhor. Komisioni Qendror i Zgjedhjeve do t\u00eb monitoroj\u00eb n\u00eb vijim\u00ebsi si do t\u00eb procedojn\u00eb subjektet zgjedhore\u201d.<\/p>\n\n\n\n<p class=\"has-small-font-size\"><a href=\"#_ftnref43\" id=\"_ftn43\">[43]<\/a> <a href=\"file:\/\/\/C:\/Users\/Lenovo\/Downloads\/Raport%20monitorimi%20i%20monitoruesit%20K.Z_2023-09-21T10_34_09.491290Z.pdf\">Raport monitorimi<\/a> i monitoruesit K.Z..<\/p>\n\n\n\n<h2 class=\"has-small-font-size wp-block-heading\"><strong><a id=\"_ftn44\" href=\"#_ftnref44\">[44]<\/a> <a href=\"https:\/\/www.facebook.com\/watch\/?v=293090456803158\">Albert Halilaj<\/a> Faqja Zyrtare; Faqja zyrtare e zv. Kryeministres dhe Ministres <a href=\"https:\/\/www.facebook.com\/bballuku\/posts\/pfbid02cWGiMR4t56PpXM788z79ewb5Hh6bfjCc6KyYG8G426JusK6zfBQNr5ZhMJKpVPQZl\">Belinda Balluku<\/a>.<\/strong><\/h2>\n\n\n\n<p class=\"has-small-font-size\"><a href=\"#_ftnref45\" id=\"_ftn45\">[45]<\/a> <a href=\"https:\/\/aktivitete.kqz.gov.al\/2023\/09\/01\/mbledhje-konstituimi\/\">Aktivitet i raportuar<\/a> nga K\u00ebshilli i Qarkut Kuk\u00ebs \u201cMbledhje konstituimi\u201d.<\/p>\n\n\n\n<h2 class=\"has-small-font-size wp-block-heading\"><a id=\"_ftn46\" href=\"#_ftnref46\"><strong>[46]<\/strong><\/a> <a href=\"https:\/\/www.balkanweb.com\/ministri-balla-prezanton-prefektin-e-ri-te-kukesit-paketa-e-sigurise-ne-shkolla-do-te-garantoje-ashpersim-te-ndeshkimit-per-keqberesit\/\">Ministri Balla prezanton Prefektin e ri t\u00eb Kuk\u00ebsit<\/a>.<\/h2>\n\n\n\n<p class=\"has-small-font-size\"><a href=\"#_ftnref47\" id=\"_ftn47\">[47]<\/a> Denoncim i Organizat\u00ebs \u201cQ\u00ebndresa Qytetare\u201d p\u00ebr ndalim t\u00eb aktivitetit t\u00eb kandidatit t\u00eb \u201cPartis\u00eb Socialiste t\u00eb Shqip\u00ebris\u00eb\u201d, z. Albert Halilaj.<\/p>\n\n\n\n<p class=\"has-small-font-size\"><a href=\"#_ftnref48\" id=\"_ftn48\">[48]<\/a> <a href=\"https:\/\/kqz.gov.al\/wp-content\/uploads\/2023\/08\/230824_Vendim-Per-caktimin-e-monitoruesit-bashkia-kukes-24.9.2023.pdf\">Vendim nr. 737 dat\u00eb 25.08.2023<\/a>.<\/p>\n\n\n\n<p class=\"has-small-font-size\"><a href=\"#_ftnref49\" id=\"_ftn49\">[49]<\/a> Nga data 11 n\u00eb 21 shtator 2023.<\/p>\n\n\n\n<p class=\"has-small-font-size\"><a href=\"#_ftnref50\" id=\"_ftn50\">[50]<\/a> P\u00ebr periudh\u00ebn nga 11 n\u00eb 19 shtator 2023.<\/p>\n\n\n\n<p class=\"has-small-font-size\"><a href=\"#_ftnref51\" id=\"_ftn51\">[51]<\/a> KQZ akreditoi 25 v\u00ebzhgues vendas nga kat\u00ebr organizata, 12 prej t\u00eb cil\u00ebve ishin t\u00eb akredituar nga KRIIK. Nd\u00ebrkoh\u00eb u akredituan 64 p\u00ebrfaq\u00ebsues nga mediat.<\/p>\n\n\n\n<p class=\"has-small-font-size\"><a href=\"#_ftnref52\" id=\"_ftn52\">[52]<\/a> QV 0623\/01, QV 0610, QV 0634, QV 0609.<\/p>\n\n\n\n<p class=\"has-small-font-size\"><a href=\"#_ftnref53\" id=\"_ftn53\">[53]<\/a> V\u00ebzhguesit e KRIIK raportuan se n\u00eb af\u00ebrsi t\u00eb thuajse \u00e7do QV-je konstatuan prani t\u00eb personave t\u00eb paautorizuar.<\/p>\n\n\n\n<p class=\"has-small-font-size\"><a href=\"#_ftnref54\" id=\"_ftn54\">[54]<\/a> Fenomen i p\u00ebrhapur shum\u00eb sidomos n\u00eb zonat rurale.<\/p>\n\n\n\n<p class=\"has-small-font-size\"><a href=\"#_ftnref55\" id=\"_ftn55\">[55]<\/a> QV 0595, QV 0665, QV 0664, QV 0606, QV 0611, QV 0633, 0630, QV 0647, etj. T\u00eb pyetur n\u00eb lidhje me k\u00ebt\u00eb praktik\u00eb jo t\u00eb ligjshme, komisioner\u00ebt u shpreh\u00ebn p\u00ebr v\u00ebzhguesit e KRIIK se n\u00eb zon\u00eb njiheshin t\u00eb gjith\u00eb dhe, si rrjedhim, timbrosje nuk ishte e nevojshme.<\/p>\n\n\n\n<p class=\"has-small-font-size\"><a href=\"#_ftnref56\" id=\"_ftn56\">[56]<\/a> QV 0622 v\u00ebzhguesi i subjektit Partia Socialiste orientonte t\u00eb gjith\u00eb votuesit Brenda n\u00eb QV p\u00ebr k\u00eb t\u00eb votojn\u00eb.<\/p>\n\n\n\n<p class=\"has-small-font-size\"><a id=\"_ftn57\" href=\"#_ftnref57\">[57]<\/a> QV 0650, QV 0651, QV 0634.<\/p>\n\n\n\n<p class=\"has-small-font-size\"><a href=\"#_ftnref58\" id=\"_ftn58\">[58]<\/a> <a href=\"https:\/\/kqz.gov.al\/wp-content\/uploads\/2023\/09\/Urdher-nr.-106-date-22.9.2023_Personat-e-pranishem-QV.pdf\">Urdh\u00ebr nr. 106, dat\u00eb 22.9.2023<\/a> \u201cP\u00ebr zbatimin e disa rregullave p\u00ebr personat e pranish\u00ebm n\u00eb territorin e objekteve zgjedhore ku jan\u00eb vendosur qendrat e votimit, p\u00ebr zgjedhjet e pjesshme p\u00ebr Kryetar t\u00eb Bashkis\u00eb Kuk\u00ebs t\u00eb dat\u00ebs 24 Shtator 2023\u201d.<\/p>\n\n\n\n<p class=\"has-small-font-size\"><a href=\"#_ftnref59\" id=\"_ftn59\">[59]<\/a> QV 0623.<\/p>\n","protected":false},"excerpt":{"rendered":"<p>Shkarko Deklarat\u00ebn Paraprake n\u00eb pdf Koalicioni p\u00ebr Reforma, Integrim dhe Institucione t\u00eb Konsoliduara (KRIIK), n\u00eb vazhd\u00ebn e angazhimit t\u00eb pand\u00ebrprer\u00eb t\u00eb tij prej m\u00eb shum\u00eb se nj\u00eb dekade, n\u00eb bashk\u00ebpunim me Rrjetin e konsoliduar t\u00eb Organizatave t\u00eb njohura Partnere Lokale, me synim sigurimin dhe p\u00ebrmir\u00ebsimin e Integritetit t\u00eb Procesit Zgjedhor n\u00eb vend, monitoroi mbi baza&#8230;<\/p>\n","protected":false},"author":3,"featured_media":0,"comment_status":"closed","ping_status":"closed","sticky":false,"template":"","format":"standard","meta":{"om_disable_all_campaigns":false,"_monsterinsights_skip_tracking":false,"_monsterinsights_sitenote_active":false,"_monsterinsights_sitenote_note":"","_monsterinsights_sitenote_category":0,"footnotes":""},"categories":[11],"tags":[],"class_list":["post-2660","post","type-post","status-publish","format-standard","hentry","category-uncategorized-sq"],"aioseo_notices":[],"_links":{"self":[{"href":"https:\/\/kriik.al\/home\/wp-json\/wp\/v2\/posts\/2660","targetHints":{"allow":["GET"]}}],"collection":[{"href":"https:\/\/kriik.al\/home\/wp-json\/wp\/v2\/posts"}],"about":[{"href":"https:\/\/kriik.al\/home\/wp-json\/wp\/v2\/types\/post"}],"author":[{"embeddable":true,"href":"https:\/\/kriik.al\/home\/wp-json\/wp\/v2\/users\/3"}],"replies":[{"embeddable":true,"href":"https:\/\/kriik.al\/home\/wp-json\/wp\/v2\/comments?post=2660"}],"version-history":[{"count":6,"href":"https:\/\/kriik.al\/home\/wp-json\/wp\/v2\/posts\/2660\/revisions"}],"predecessor-version":[{"id":2670,"href":"https:\/\/kriik.al\/home\/wp-json\/wp\/v2\/posts\/2660\/revisions\/2670"}],"wp:attachment":[{"href":"https:\/\/kriik.al\/home\/wp-json\/wp\/v2\/media?parent=2660"}],"wp:term":[{"taxonomy":"category","embeddable":true,"href":"https:\/\/kriik.al\/home\/wp-json\/wp\/v2\/categories?post=2660"},{"taxonomy":"post_tag","embeddable":true,"href":"https:\/\/kriik.al\/home\/wp-json\/wp\/v2\/tags?post=2660"}],"curies":[{"name":"wp","href":"https:\/\/api.w.org\/{rel}","templated":true}]}}