{"id":2290,"date":"2023-05-11T10:56:00","date_gmt":"2023-05-11T08:56:00","guid":{"rendered":"https:\/\/kriik.al\/home\/?p=2290"},"modified":"2023-09-01T15:39:34","modified_gmt":"2023-09-01T13:39:34","slug":"kerkese-per-njoftimin-serish-te-mediave-dhe-subjekteve-zgjedhore-lidhur-me-mostransmetimin-e-sondazheve-zgjedhore-jashte-afatit-te-lejuar-nga-ligji-dhe-respektimin-e-heshtjes-zgjedhore-nbsp","status":"publish","type":"post","link":"https:\/\/kriik.al\/home\/2023\/05\/11\/kerkese-per-njoftimin-serish-te-mediave-dhe-subjekteve-zgjedhore-lidhur-me-mostransmetimin-e-sondazheve-zgjedhore-jashte-afatit-te-lejuar-nga-ligji-dhe-respektimin-e-heshtjes-zgjedhore-nbsp\/","title":{"rendered":"DENONCIM Nr. 10 \u2013 Lidhur me organizimin e koncerteve p\u00ebrgjat\u00eb ose n\u00eb lidhje me tubimet elektorale nga Koalicioni Bashk\u00eb Fitojm\u00eb dhe Partia Socialiste.\u00a0\u00a0"},"content":{"rendered":"\n<hr class=\"wp-block-separator\"\/>\n\n\n\n<p class=\"has-text-align-center\"><strong>Shkarko <a href=\"https:\/\/kriik.al\/home\/wp-content\/uploads\/2023\/05\/KRIIK-1.pdf\" target=\"_blank\" rel=\"noreferrer noopener\">Denoncimin<\/a> n\u00eb pdf<\/strong><\/p>\n\n\n\n<hr class=\"wp-block-separator\"\/>\n\n\n\n<p><strong>I Nderuar Z. Komisioner!<\/strong>&nbsp;<\/p>\n\n\n\n<p><strong>T\u00eb nderuar Koleg\u00eb t\u00eb Administrat\u00ebs s\u00eb KQZ-s\u00eb!<\/strong>&nbsp;<\/p>\n\n\n\n<p>Kodi Zgjedhor n\u00eb nenin 78 \u201cT\u00eb drejtat dhe detyrimet e subjekteve zgjedhore gjat\u00eb fushat\u00ebs\u201d, n\u00eb pik\u00ebn 9 t\u00eb tij p\u00ebrcakton se \u201c<em>Subjekteve zgjedhore dhe kandidat\u00ebve u ndalohet t\u00eb organizojn\u00eb, kryejn\u00eb apo mbulojn\u00eb shpenzimet vet\u00eb ose n\u00ebp\u00ebrmjet t\u00eb tret\u00ebve p\u00ebr koncerte, shfaqe kulturore arg\u00ebtuese apo veprimtari bamir\u00ebsie, pavar\u00ebsisht n\u00ebse ato mbahen p\u00ebrgjat\u00eb ose n\u00eb lidhje me tubimet elektorale, apo zhvillohen si veprimtari fushate ose jasht\u00eb saj<\/em>.\u201d&nbsp;<\/p>\n\n\n\n<p>Nga monitorimi i b\u00ebr\u00eb ka rezultura q\u00eb subjektet zgjedhore kan\u00eb organizuar veprimtari t\u00eb cilat hyjn\u00eb n\u00eb sfer\u00ebn e parashikimeve t\u00eb k\u00ebtij neni, por KRIIK po ju p\u00ebrcjell denoncimin e tij vet\u00ebm p\u00ebr dy prej tyre, t\u00eb organizuara p\u00ebrkat\u00ebsisht nga subjektet zgjedhore Koalicioni \u201cBashk\u00eb Fitojm\u00eb\u201d dhe \u201cPartia Socialiste e Shqip\u00ebris\u00eb\u201d.&nbsp;<\/p>\n\n\n\n<p><em>Konkretisht:<\/em>&nbsp;<\/p>\n\n\n\n<p><strong>Denoncimi 10.1.<\/strong><strong>&nbsp; Organizimi i koncertit t\u00eb Kandidatit t\u00eb Koalicionit \u201cBashk\u00eb Fitojm\u00eb\u201d p\u00ebr Kryetar t\u00eb Bashkis\u00eb Tiran\u00eb, z. Belind K\u00eblli\u00e7i.<\/strong>&nbsp;<\/p>\n\n\n\n<p>N\u00eb pamjet foto dhe video t\u00eb postimeve t\u00eb paraqitura n\u00eb vijim t\u00eb k\u00ebtij denoncimi evidentohet qart\u00eb thirrja dhe organizimi i veprimtaris\u00eb \u201ckoncert\u201d si dhe prezenca e materialeve propagandistike t\u00eb fushat\u00ebs elektorale t\u00eb Koalicionit \u201cBashk\u00eb Fitojm\u00eb\u201d dhe Kandidatit t\u00eb tij p\u00ebr Kryetar t\u00eb Bashkis\u00eb Tiran\u00eb p\u00ebr Zgjedhjet Vendore t\u00eb 14 majit 2023.&nbsp;<\/p>\n\n\n\n<p>Konkludohet se kemi t\u00eb b\u00ebjm\u00eb me nj\u00eb tubim elektoral, i cili i ka t\u00eb gjitha element\u00ebt p\u00ebrb\u00ebr\u00ebs t\u00eb tij si fjalime, thirrje, pankarta, slogane, logo, si dhe zhvillimi n\u00eb t\u00eb nj\u00ebjt\u00ebn koh\u00eb i nj\u00eb koncerti me k\u00ebng\u00ebtar\u00eb t\u00eb ftuar, t\u00eb cil\u00ebt performojn\u00eb, k\u00ebndojn\u00eb dhe shfaqen n\u00eb mb\u00ebshtetje t\u00eb k\u00ebtij subjekti zgjedhor.&nbsp;<\/p>\n\n\n\n<p>N\u00eb dat\u00ebn 05.05.2023 n\u00eb faqen Facebook t\u00eb nj\u00eb prej aktivist\u00ebve t\u00eb Koalicionit \u201cBashk\u00eb Fitojm\u00eb\u201d \u00ebsht\u00eb postuar video e zhvillimit t\u00eb nj\u00eb koncerti t\u00eb kandidatit t\u00eb k\u00ebtij koalicioni p\u00ebr Kryetar t\u00eb Bashkis\u00eb Tiran\u00eb, z. Belind K\u00eblli\u00e7i.&nbsp;&nbsp;<\/p>\n\n\n\n<p>&nbsp;&nbsp;&nbsp; Konkretisht linku i postimit t\u00eb videos s\u00eb koncertit \u00ebsht\u00eb: <a href=\"https:\/\/www.facebook.com\/grigelsmucollariofficial\/videos\/758414942643517\/\" target=\"_blank\" rel=\"noreferrer noopener\">https:\/\/www.facebook.com\/grigelsmucollariofficial\/videos\/758414942643517\/<\/a>, nd\u00ebrsa foto\/printscreen e tij:&nbsp;&nbsp;<\/p>\n\n\n\n<figure class=\"wp-block-image size-full\"><img loading=\"lazy\" decoding=\"async\" width=\"566\" height=\"250\" src=\"https:\/\/kriik.al\/home\/wp-content\/uploads\/2023\/05\/image-12.png\" alt=\"\" class=\"wp-image-2294\" srcset=\"https:\/\/kriik.al\/home\/wp-content\/uploads\/2023\/05\/image-12.png 566w, https:\/\/kriik.al\/home\/wp-content\/uploads\/2023\/05\/image-12-300x133.png 300w\" sizes=\"auto, (max-width: 566px) 100vw, 566px\" \/><\/figure>\n\n\n\n<p>P\u00ebrmbajtja e statusit t\u00eb shkruar q\u00eb shoq\u00ebron k\u00ebt\u00eb postim \u00ebsht\u00eb:&nbsp;<\/p>\n\n\n\n<p><em>\u201c<\/em><a href=\"https:\/\/www.facebook.com\/hashtag\/live?__eep__=6&amp;__cft__%5b0%5d=AZVx7avwTh2HHD-GD5SzD4nHN0zH98m4ALQuBRRu68m05atPdEnXc31cYdw0TvIM61080tODXUyogEFR7MXWjVNXxSgkR0XsnulOQnOBwUmMKELp7hRgmynOpkuvAzq7VjUoN3dgOqWtVwOGcBx3Sr_Hxkvvopt-9UUSkI3zstNPYhklD76H2KO-q7GwLTBIfGs&amp;__tn__=*NK-R\" target=\"_blank\" rel=\"noreferrer noopener\"><em>#LIVE<\/em><\/a><em> &#8211; Koncert i organizuar nga FRPD me pjes\u00ebmarrjen e Renis Gjoka, Eugent Bushpepa, Vin Veli dhe Aleksand\u00ebr Gjoka<\/em><em>\u201d<\/em>&nbsp;<\/p>\n\n\n\n<p>Lidhur me k\u00ebt\u00eb aktivitet ka patur edhe <a href=\"https:\/\/www.facebook.com\/photo\/?fbid=252257340661473&amp;set=a.115372454349963\" target=\"_blank\" rel=\"noreferrer noopener\">nj\u00eb njoftim paraprak<\/a>, ku evidentohet organizatori i koncertit q\u00eb \u00ebsht\u00eb FRPD. M\u00eb posht\u00eb teksti i postimit dhe foto\/printscreen i tij:&nbsp;<\/p>\n\n\n\n<p><em>\u201c<\/em><em>Renis Gjoka, Eugent Bushpepa, Aleksand\u00ebr Gjoka dhe Vin Veli ju presin tek Fusha e Aviacionit <\/em><a href=\"https:\/\/www.facebook.com\/hashtag\/nj%C3%ABsia7?__eep__=6&amp;__cft__%5b0%5d=AZX1mZ1Ox__PHOSmFeQwdGObY1lFaMM2DgtqQUpHWYrLByzURCDsN_VE7z_vVzo7fuS2xFC8qMMx9Gv-hJkeBst5c-J35Ht92PJw68JGW6H0Oox332FKCN8sWizIOh3tBNMke5fQzh1K5O1aAQSRYOf2nvVQAhhv-ooV-lVFPQd4soavpZWffc0CPKCqOi4YuaU&amp;__tn__=*NK-R\" target=\"_blank\" rel=\"noreferrer noopener\"><em>#Nj\u00ebsia7<\/em><\/a><em>.&nbsp;<\/em>&nbsp;<\/p>\n\n\n\n<p><em>Nisuni <\/em><img decoding=\"async\" alt=\"\ud83d\udeb6\u200d\u2642\ufe0f\" src=\"blob:https:\/\/kriik.al\/2504f326-385c-48e0-885e-ed680f2422a6\"><em><\/em><img decoding=\"async\" alt=\"\ud83d\udeb6\u200d\u2640\ufe0f\" src=\"blob:https:\/\/kriik.al\/83298f51-04ef-42ce-b611-78c07b30a487\"><em><\/em><img decoding=\"async\" alt=\"\ud83d\udeb6\" src=\"blob:https:\/\/kriik.al\/e38730b1-12fa-4a55-bacf-44b13b40362b\"><em><\/em>&nbsp;<\/p>\n\n\n\n<p><em>Time to Rock the Dictator!<\/em>&nbsp;<\/p>\n\n\n\n<p><em><\/em><a href=\"https:\/\/www.facebook.com\/hashtag\/belindk%C3%ABlli%C3%A7i?__eep__=6&amp;__cft__%5b0%5d=AZX1mZ1Ox__PHOSmFeQwdGObY1lFaMM2DgtqQUpHWYrLByzURCDsN_VE7z_vVzo7fuS2xFC8qMMx9Gv-hJkeBst5c-J35Ht92PJw68JGW6H0Oox332FKCN8sWizIOh3tBNMke5fQzh1K5O1aAQSRYOf2nvVQAhhv-ooV-lVFPQd4soavpZWffc0CPKCqOi4YuaU&amp;__tn__=*NK-R\" target=\"_blank\" rel=\"noreferrer noopener\"><em>#BelindK\u00eblli\u00e7i<\/em><\/a><em> <\/em><a href=\"https:\/\/www.facebook.com\/hashtag\/tirana?__eep__=6&amp;__cft__%5b0%5d=AZX1mZ1Ox__PHOSmFeQwdGObY1lFaMM2DgtqQUpHWYrLByzURCDsN_VE7z_vVzo7fuS2xFC8qMMx9Gv-hJkeBst5c-J35Ht92PJw68JGW6H0Oox332FKCN8sWizIOh3tBNMke5fQzh1K5O1aAQSRYOf2nvVQAhhv-ooV-lVFPQd4soavpZWffc0CPKCqOi4YuaU&amp;__tn__=*NK-R\" target=\"_blank\" rel=\"noreferrer noopener\"><em>#Tirana<\/em><\/a><em> <\/em><a href=\"https:\/\/www.facebook.com\/hashtag\/frpd?__eep__=6&amp;__cft__%5b0%5d=AZX1mZ1Ox__PHOSmFeQwdGObY1lFaMM2DgtqQUpHWYrLByzURCDsN_VE7z_vVzo7fuS2xFC8qMMx9Gv-hJkeBst5c-J35Ht92PJw68JGW6H0Oox332FKCN8sWizIOh3tBNMke5fQzh1K5O1aAQSRYOf2nvVQAhhv-ooV-lVFPQd4soavpZWffc0CPKCqOi4YuaU&amp;__tn__=*NK-R\" target=\"_blank\" rel=\"noreferrer noopener\"><em>#FRPD<\/em><\/a><em> <\/em><a href=\"https:\/\/www.facebook.com\/hashtag\/bashk%C3%ABfitojm%C3%AB?__eep__=6&amp;__cft__%5b0%5d=AZX1mZ1Ox__PHOSmFeQwdGObY1lFaMM2DgtqQUpHWYrLByzURCDsN_VE7z_vVzo7fuS2xFC8qMMx9Gv-hJkeBst5c-J35Ht92PJw68JGW6H0Oox332FKCN8sWizIOh3tBNMke5fQzh1K5O1aAQSRYOf2nvVQAhhv-ooV-lVFPQd4soavpZWffc0CPKCqOi4YuaU&amp;__tn__=*NK-R\" target=\"_blank\" rel=\"noreferrer noopener\"><em>#Bashk\u00ebFitojm\u00eb<\/em><\/a><em>\u201d<\/em>&nbsp;<\/p>\n\n\n\n<figure class=\"wp-block-image size-full\"><img loading=\"lazy\" decoding=\"async\" width=\"568\" height=\"298\" src=\"https:\/\/kriik.al\/home\/wp-content\/uploads\/2023\/05\/image-13.png\" alt=\"\" class=\"wp-image-2295\" srcset=\"https:\/\/kriik.al\/home\/wp-content\/uploads\/2023\/05\/image-13.png 568w, https:\/\/kriik.al\/home\/wp-content\/uploads\/2023\/05\/image-13-300x157.png 300w\" sizes=\"auto, (max-width: 568px) 100vw, 568px\" \/><\/figure>\n\n\n\n<figure class=\"wp-block-image size-full\"><img loading=\"lazy\" decoding=\"async\" width=\"566\" height=\"294\" src=\"https:\/\/kriik.al\/home\/wp-content\/uploads\/2023\/05\/image-10.png\" alt=\"\" class=\"wp-image-2292\" srcset=\"https:\/\/kriik.al\/home\/wp-content\/uploads\/2023\/05\/image-10.png 566w, https:\/\/kriik.al\/home\/wp-content\/uploads\/2023\/05\/image-10-300x156.png 300w\" sizes=\"auto, (max-width: 566px) 100vw, 566px\" \/><\/figure>\n\n\n\n<p>Postim lidhur me k\u00ebt\u00eb aktivitet ka b\u00ebr\u00eb edhe subjekti zgjedhor, <a href=\"https:\/\/www.facebook.com\/BelindKellici.Official\/posts\/pfbid0321gbnJaKHF5UTNNmQ6p3ypTQMrYjxwAYXA5XvsUZ1dzSd4P2B4GjLv8TS9heFo5dl\" target=\"_blank\" rel=\"noreferrer noopener\">kandidat i Koalicionit \u201cBashk\u00eb Fitojm\u00eb<\/a>\u201d p\u00ebr Kryetar n\u00eb Bashkin\u00eb Tiran\u00eb, z. Belind K\u00eblli\u00e7i. M\u00eb posht\u00eb teksti i postimit dhe foto\/printscreen i tij:&nbsp;<\/p>\n\n\n\n<p><em>\u201c<\/em><em>Na dhan\u00eb kaq shum\u00eb energji t\u00eb rinjt\u00eb e FRPD mbr\u00ebm\u00eb me koncertin e organizuar prej tyre. Jeni m\u00eb t\u00eb mir\u00ebt, Bashk\u00eb Fitojm\u00eb!<\/em><img decoding=\"async\" alt=\"\ud83e\udef6\ud83c\udffb\" src=\"blob:https:\/\/kriik.al\/864b44af-2c2f-4ffa-a7ee-d467abee5f12\"><em><\/em>&nbsp;<\/p>\n\n\n\n<p><em><\/em><a href=\"https:\/\/www.facebook.com\/hashtag\/belindkellici5?__eep__=6&amp;__cft__%5b0%5d=AZUof17_hugIpm49nDNir7Cr3659sCAmkNNZiYFfVHiKaezEVULxSBs7uz8eTqaqOu9ZtNxPS969qxasMlbKU_LE2rcJvEJakrP1GHw7wdO1FKbTGJuLNKkLCXzGR4lwW9aSOortRAY_7A06iwRBa0Dd&amp;__tn__=*NK-R\" target=\"_blank\" rel=\"noreferrer noopener\"><em>#BelindKellici5<\/em><\/a><em> <\/em><a href=\"https:\/\/www.facebook.com\/hashtag\/bashkefitojme1?__eep__=6&amp;__cft__%5b0%5d=AZUof17_hugIpm49nDNir7Cr3659sCAmkNNZiYFfVHiKaezEVULxSBs7uz8eTqaqOu9ZtNxPS969qxasMlbKU_LE2rcJvEJakrP1GHw7wdO1FKbTGJuLNKkLCXzGR4lwW9aSOortRAY_7A06iwRBa0Dd&amp;__tn__=*NK-R\" target=\"_blank\" rel=\"noreferrer noopener\"><em>#BashkeFitojme1<\/em><\/a><em> <\/em><a href=\"https:\/\/www.facebook.com\/hashtag\/belo5?__eep__=6&amp;__cft__%5b0%5d=AZUof17_hugIpm49nDNir7Cr3659sCAmkNNZiYFfVHiKaezEVULxSBs7uz8eTqaqOu9ZtNxPS969qxasMlbKU_LE2rcJvEJakrP1GHw7wdO1FKbTGJuLNKkLCXzGR4lwW9aSOortRAY_7A06iwRBa0Dd&amp;__tn__=*NK-R\" target=\"_blank\" rel=\"noreferrer noopener\"><em>#Belo5<\/em><\/a><em>\u201d<\/em>&nbsp;<\/p>\n\n\n\n<figure class=\"wp-block-image size-full\"><img loading=\"lazy\" decoding=\"async\" width=\"586\" height=\"304\" src=\"https:\/\/kriik.al\/home\/wp-content\/uploads\/2023\/05\/image-11.png\" alt=\"\" class=\"wp-image-2293\" srcset=\"https:\/\/kriik.al\/home\/wp-content\/uploads\/2023\/05\/image-11.png 586w, https:\/\/kriik.al\/home\/wp-content\/uploads\/2023\/05\/image-11-300x156.png 300w\" sizes=\"auto, (max-width: 586px) 100vw, 586px\" \/><\/figure>\n\n\n\n<p><strong>Denoncimi 10.2.<\/strong><strong>&nbsp; Organizimi i koncertit t\u00eb Kandidatit t\u00eb<\/strong> <strong>Partis\u00eb Socialiste t\u00eb Shqip\u00ebris\u00eb p\u00ebr kryetar t\u00eb Bashkis\u00eb Tiran\u00eb, z. Erion Veliaj<\/strong>&nbsp;<\/p>\n\n\n\n<p>N\u00eb pamjet foto dhe video t\u00eb postimeve t\u00eb paraqitura n\u00eb vijim t\u00eb k\u00ebtij denoncimi evidentohet qart\u00eb thirrja dhe organizimi i veprimtaris\u00eb \u201ckoncert\u201d si dhe prezenca e materialeve propagandistike t\u00eb fushat\u00ebs elektorale t\u00eb Subjektit Zgjedhor \u201cPartia Socialiste e Shqip\u00ebris\u00eb\u201d dhe Kandidatit t\u00eb tij p\u00ebr Kryetar t\u00eb Bashkis\u00eb Tiran\u00eb p\u00ebr Zgjedhjet Vendore t\u00eb 14 majit 2023.&nbsp;<\/p>\n\n\n\n<p>Konkludohet se kemi t\u00eb b\u00ebjm\u00eb me nj\u00eb tubim elektoral, i cili i ka t\u00eb gjitha element\u00ebt p\u00ebrb\u00ebr\u00ebs t\u00eb tij si fjalime, thirrje, pankarta, slogane, logo, si dhe zhvillimi n\u00eb t\u00eb nj\u00ebjt\u00ebn koh\u00eb i nj\u00eb koncerti me k\u00ebng\u00ebtar\u00eb t\u00eb ftuar, t\u00eb cil\u00ebt performojn\u00eb, k\u00ebndojn\u00eb dhe shfaqen n\u00eb mb\u00ebshtetje t\u00eb k\u00ebtij subjekti zgjedhor.&nbsp;&nbsp;<\/p>\n\n\n\n<p>Theksohet se prezent n\u00eb k\u00ebt\u00eb koncert e tubim elektoral ka edhe k\u00ebng\u00ebtar\u00eb t\u00eb tjer\u00eb, p\u00ebrve\u00e7 k\u00ebng\u00ebtarit q\u00eb k\u00ebndon himnin elektoral t\u00eb fushat\u00ebs s\u00eb PS, i cili \u00ebsht\u00eb i pranish\u00ebm dhe performon pothuajse n\u00eb t\u00eb gjitha tubimet elektorale q\u00eb organizon ky subjekt zgjedhor.&nbsp;<\/p>\n\n\n\n<p>N\u00eb dat\u00ebn 09.05.2023 n\u00eb faqen zyrtare <a href=\"https:\/\/www.facebook.com\/ErionVeliaj\/videos\/231524172817819\" target=\"_blank\" rel=\"noreferrer noopener\">Facebook t\u00eb Kryetarit t\u00eb Bashkis\u00eb Tiran\u00eb<\/a> dhe nj\u00ebkoh\u00ebsisht Kandidatit t\u00eb Partis\u00eb Socialiste p\u00ebr Kryetar t\u00eb Bashkis\u00eb Tiran\u00eb, z. Erion Veliaj, \u00ebsht\u00eb postuar video e zhvillimit t\u00eb nj\u00eb tubimi elektoral, pjes\u00eb p\u00ebrb\u00ebr\u00ebse e t\u00eb cilit \u00ebsht\u00eb edhe nj\u00eb koncert i zhvilluar. M\u00eb posht\u00eb teksti i postimit dhe foto\/printscreen i tij:&nbsp;<\/p>\n\n\n\n<p><em>\u201cMe Frid\u00ebn dhe banor\u00ebt e Petrel\u00ebs, Baldushkut dhe Fark\u00ebs<\/em><em>\ud83d\udccd<\/em><em>, dy nj\u00ebsi q\u00eb jan\u00eb transformuar fal\u00eb pun\u00ebs dhe vendimit p\u00ebr t\u00eb ecur p\u00ebrpara me Partin\u00eb Socialiste<\/em><em>\ud83c\udf39<\/em><em>.\u202f<\/em>&nbsp;<\/p>\n\n\n\n<p><em>Me Frid\u00ebn dhe banor\u00ebt e Petrel\u00ebs, Baldushkut dhe Fark\u00ebs<\/em><img decoding=\"async\" alt=\"\ud83d\udccd\" src=\"blob:https:\/\/kriik.al\/c7a8b0aa-7e15-49fb-8fdf-982cbec5f29e\"><em>, tre nj\u00ebsi q\u00eb jan\u00eb transformuar fal\u00eb pun\u00ebs\u202fdhe vendimit p\u00ebr t\u00eb ecur p\u00ebrpara me Partin\u00eb Socialiste<\/em><img decoding=\"async\" alt=\"\ud83c\udf39\" src=\"blob:https:\/\/kriik.al\/87a75b4b-6f72-44b0-9a77-7c0bb533b55f\"><em>.\u201d<\/em>&nbsp;<\/p>\n\n\n\n<figure class=\"wp-block-image size-full\"><img loading=\"lazy\" decoding=\"async\" width=\"566\" height=\"266\" src=\"https:\/\/kriik.al\/home\/wp-content\/uploads\/2023\/05\/image-14.png\" alt=\"\" class=\"wp-image-2296\" srcset=\"https:\/\/kriik.al\/home\/wp-content\/uploads\/2023\/05\/image-14.png 566w, https:\/\/kriik.al\/home\/wp-content\/uploads\/2023\/05\/image-14-300x141.png 300w\" sizes=\"auto, (max-width: 566px) 100vw, 566px\" \/><\/figure>\n\n\n\n<p><a href=\"https:\/\/www.facebook.com\/fridakrifca1\" target=\"_blank\" rel=\"noreferrer noopener\">Nj\u00eb postim n\u00eb faqen e saj zyrtare<\/a> n\u00eb facebook lidhur me k\u00ebt\u00eb aktivitet ka b\u00ebr\u00eb edhe Ministrja e Bujq\u00ebsis\u00eb dhe Zhvillimit Rural znj. Frida Krifca. M\u00eb posht\u00eb teksti i postimit dhe foto\/printscreen i tij:&nbsp;<\/p>\n\n\n\n<p><em>\u201cMagjike atmosfera mes njer\u00ebzve t\u00eb Petrel\u00ebs, Fark\u00ebs e Baldushkut. Nj\u00eb forc\u00eb e jasht\u00ebzakonshme na bashkon drejt nj\u00eb vizioni t\u00eb qart\u00eb zhvillimi p\u00ebr t\u00eb ecur vet\u00ebm <\/em><a href=\"https:\/\/www.facebook.com\/hashtag\/p%C3%ABrpara?__eep__=6&amp;__cft__%5b0%5d=AZUCwGufF94JTzuGLn-RFZYOvFHrK7d1U4igTfIbqN6Sotk-sU9uA4EWIedyWD_D2HzMG7dS0ascC9h-fFvul7xgsAHrzLm3f9bEidj2aSBkGxbC3SswwXzRwKvATCAEOIZ6qhBUEShuGEc_G-rvfL3g&amp;__tn__=*NK-R\" target=\"_blank\" rel=\"noreferrer noopener\"><em>#p\u00ebrpara<\/em><\/a><em>.&nbsp;<\/em>&nbsp;<\/p>\n\n\n\n<p><em><\/em><a href=\"https:\/\/www.facebook.com\/hashtag\/vet%C3%ABmp%C3%ABrpara?__eep__=6&amp;__cft__%5b0%5d=AZUCwGufF94JTzuGLn-RFZYOvFHrK7d1U4igTfIbqN6Sotk-sU9uA4EWIedyWD_D2HzMG7dS0ascC9h-fFvul7xgsAHrzLm3f9bEidj2aSBkGxbC3SswwXzRwKvATCAEOIZ6qhBUEShuGEc_G-rvfL3g&amp;__tn__=*NK-R\" target=\"_blank\" rel=\"noreferrer noopener\"><em>#Vet\u00ebmP\u00ebrpara<\/em><\/a><em>&nbsp;<\/em>&nbsp;<\/p>\n\n\n\n<p><em><\/em><a href=\"https:\/\/www.facebook.com\/hashtag\/kurr%C3%ABm%C3%ABmbrapa?__eep__=6&amp;__cft__%5b0%5d=AZUCwGufF94JTzuGLn-RFZYOvFHrK7d1U4igTfIbqN6Sotk-sU9uA4EWIedyWD_D2HzMG7dS0ascC9h-fFvul7xgsAHrzLm3f9bEidj2aSBkGxbC3SswwXzRwKvATCAEOIZ6qhBUEShuGEc_G-rvfL3g&amp;__tn__=*NK-R\" target=\"_blank\" rel=\"noreferrer noopener\"><em>#Kurr\u00ebM\u00ebMbrapa<\/em><\/a><em>&nbsp;<\/em>&nbsp;<\/p>\n\n\n\n<p><em><\/em><a href=\"https:\/\/www.facebook.com\/hashtag\/krenarep%C3%ABrps?__eep__=6&amp;__cft__%5b0%5d=AZUCwGufF94JTzuGLn-RFZYOvFHrK7d1U4igTfIbqN6Sotk-sU9uA4EWIedyWD_D2HzMG7dS0ascC9h-fFvul7xgsAHrzLm3f9bEidj2aSBkGxbC3SswwXzRwKvATCAEOIZ6qhBUEShuGEc_G-rvfL3g&amp;__tn__=*NK-R\" target=\"_blank\" rel=\"noreferrer noopener\"><em>#Krenarep\u00ebrPS<\/em><em><\/em><\/a><em>\u201d<\/em>&nbsp;<\/p>\n\n\n\n<figure class=\"wp-block-image size-full\"><img loading=\"lazy\" decoding=\"async\" width=\"550\" height=\"274\" src=\"https:\/\/kriik.al\/home\/wp-content\/uploads\/2023\/05\/image-9.png\" alt=\"\" class=\"wp-image-2291\" srcset=\"https:\/\/kriik.al\/home\/wp-content\/uploads\/2023\/05\/image-9.png 550w, https:\/\/kriik.al\/home\/wp-content\/uploads\/2023\/05\/image-9-300x149.png 300w\" sizes=\"auto, (max-width: 550px) 100vw, 550px\" \/><\/figure>\n\n\n\n<p>Ky tubim \u00ebsht\u00eb transmetuar edhe nga disa media-audiovizive:&nbsp;&nbsp;<\/p>\n\n\n\n<ol class=\"wp-block-list\"><li>Top Channel\/ Veliaj n\u00eb takimin e madh t\u00eb Petrel\u00ebs, Fark\u00ebs dhe Baldushkut&nbsp; <a href=\"https:\/\/top-channel.tv\/video\/top-news-veliaj-ne-farke-petrele-e-baldushk-investimet-e-bashkise-dyfishuan-vleren-e-prones\/\" target=\"_blank\" rel=\"noreferrer noopener\">https:\/\/top-channel.tv\/video\/top-ne\u00ebs-veliaj-ne-farke-petrele-e-baldushk-investimet-e-bashkise-dyfishuan-vleren-e-prones\/<\/a>&nbsp; ;&nbsp;<\/li><\/ol>\n\n\n\n<ol class=\"wp-block-list\" start=\"2\"><li>TV Klan Veliaj takime n\u00eb Petrel\u00eb, Fark\u00eb e Baldushk&nbsp; <a href=\"https:\/\/tvklan.al\/veliaj-takime-ne-petrele-farke-e-baldushk\/\" target=\"_blank\" rel=\"noreferrer noopener\">https:\/\/tvklan.al\/veliaj-takime-ne-petrele-farke-e-baldushk\/<\/a> ;&nbsp;<\/li><\/ol>\n\n\n\n<ol class=\"wp-block-list\" start=\"3\"><li>Top News &#8211; Veliaj n\u00eb Fark\u00eb, Petrel\u00eb e Baldushk \/ &#8216;Investimet e bashkis\u00eb dyfishuan vler\u00ebn e pron\u00ebs&#8217;&nbsp;<\/li><\/ol>\n\n\n\n<p><a href=\"https:\/\/www.youtube.com\/watch?v=oJb6AIus-Ys\" target=\"_blank\" rel=\"noreferrer noopener\">https:\/\/www.youtube.com\/\u00ebatch?v=oJb6AIus-Ys<\/a> .&nbsp;<\/p>\n\n\n\n<p>Referuar sa m\u00eb sip\u00ebr, ju p\u00ebrcjellim k\u00ebto dy denoncime p\u00ebr tu marr\u00eb n\u00eb shqyrtim prej KQZ-s\u00eb e kryer hapat e parashikuar proceduriale lidhur me k\u00ebt\u00eb shkelje t\u00eb Kodit Zgjedhor, p\u00ebr t\u00eb cil\u00ebt <strong>nevojitet t\u00eb sanksionohen t\u00eb dy subjektet zgjedhor\u00eb, subjekti i partis\u00eb politike p\u00ebrkat\u00ebse si dhe subjekti kandidat p\u00ebr kryetar bashkie<\/strong>.&nbsp;&nbsp;<\/p>\n","protected":false},"excerpt":{"rendered":"<p>Shkarko Denoncimin n\u00eb pdf I Nderuar Z. Komisioner!&nbsp; T\u00eb nderuar Koleg\u00eb t\u00eb Administrat\u00ebs s\u00eb KQZ-s\u00eb!&nbsp; Kodi Zgjedhor n\u00eb nenin 78 \u201cT\u00eb drejtat dhe detyrimet e subjekteve zgjedhore gjat\u00eb fushat\u00ebs\u201d, n\u00eb pik\u00ebn 9 t\u00eb tij p\u00ebrcakton se \u201cSubjekteve zgjedhore dhe kandidat\u00ebve u ndalohet t\u00eb organizojn\u00eb, kryejn\u00eb apo mbulojn\u00eb shpenzimet vet\u00eb ose n\u00ebp\u00ebrmjet t\u00eb tret\u00ebve p\u00ebr koncerte,&#8230;<\/p>\n","protected":false},"author":4,"featured_media":0,"comment_status":"closed","ping_status":"closed","sticky":false,"template":"","format":"standard","meta":{"om_disable_all_campaigns":false,"_monsterinsights_skip_tracking":false,"_monsterinsights_sitenote_active":false,"_monsterinsights_sitenote_note":"","_monsterinsights_sitenote_category":0,"footnotes":""},"categories":[161],"tags":[],"class_list":["post-2290","post","type-post","status-publish","format-standard","hentry","category-denoncime"],"aioseo_notices":[],"_links":{"self":[{"href":"https:\/\/kriik.al\/home\/wp-json\/wp\/v2\/posts\/2290","targetHints":{"allow":["GET"]}}],"collection":[{"href":"https:\/\/kriik.al\/home\/wp-json\/wp\/v2\/posts"}],"about":[{"href":"https:\/\/kriik.al\/home\/wp-json\/wp\/v2\/types\/post"}],"author":[{"embeddable":true,"href":"https:\/\/kriik.al\/home\/wp-json\/wp\/v2\/users\/4"}],"replies":[{"embeddable":true,"href":"https:\/\/kriik.al\/home\/wp-json\/wp\/v2\/comments?post=2290"}],"version-history":[{"count":4,"href":"https:\/\/kriik.al\/home\/wp-json\/wp\/v2\/posts\/2290\/revisions"}],"predecessor-version":[{"id":2615,"href":"https:\/\/kriik.al\/home\/wp-json\/wp\/v2\/posts\/2290\/revisions\/2615"}],"wp:attachment":[{"href":"https:\/\/kriik.al\/home\/wp-json\/wp\/v2\/media?parent=2290"}],"wp:term":[{"taxonomy":"category","embeddable":true,"href":"https:\/\/kriik.al\/home\/wp-json\/wp\/v2\/categories?post=2290"},{"taxonomy":"post_tag","embeddable":true,"href":"https:\/\/kriik.al\/home\/wp-json\/wp\/v2\/tags?post=2290"}],"curies":[{"name":"wp","href":"https:\/\/api.w.org\/{rel}","templated":true}]}}