{"id":2254,"date":"2023-05-08T23:49:00","date_gmt":"2023-05-08T21:49:00","guid":{"rendered":"https:\/\/kriik.al\/home\/?p=2254"},"modified":"2023-09-01T14:53:52","modified_gmt":"2023-09-01T12:53:52","slug":"qendrim-publik-integriteti-dhe-cilesia-e-ofertes-elektorale-detyrim-moral-politik-e-ligjor-por-mbi-te-gjitha-respekt-ndaj-qytetarit-shqiptar-2","status":"publish","type":"post","link":"https:\/\/kriik.al\/home\/2023\/05\/08\/qendrim-publik-integriteti-dhe-cilesia-e-ofertes-elektorale-detyrim-moral-politik-e-ligjor-por-mbi-te-gjitha-respekt-ndaj-qytetarit-shqiptar-2\/","title":{"rendered":"QENDRIM PUBLIK &#8211; Procesi Zgjedhor i 14 majit 2023, nj\u00eb proces i qytetar\u00ebve, p\u00ebr qytetar\u00ebt\u00a0dhe vet\u00ebm n\u00eb funksion t\u00eb qytetar\u00ebve."},"content":{"rendered":"\n<hr class=\"wp-block-separator\"\/>\n\n\n\n<p class=\"has-text-align-center\"><strong>Shkarko <a href=\"https:\/\/kriik.al\/home\/wp-content\/uploads\/2023\/05\/KRIIK-QENDRIM-PUBLIK-ProcesiZgjedhori14Majit-NjeProcesIQytetareveDhePerQytetaret-20230508.pdf\" target=\"_blank\" rel=\"noreferrer noopener\">Qendrimin Publik<\/a> ne pdf<\/strong><\/p>\n\n\n\n<hr class=\"wp-block-separator\"\/>\n\n\n\n<p>Me bindjen se zgjedhjet jan\u00eb guri i themelit t\u00eb nj\u00eb shoq\u00ebrie ku mbizot\u00ebron demokracia, t\u00eb drejtat e njeriut dhe zbatimi i ligjit, dhe se mang\u00ebsit\u00eb gjat\u00eb procesit zgjedhor do t\u00eb shpien n\u00eb mang\u00ebsi tek t\u00eb tre k\u00ebta element\u00eb thelb\u00ebsor\u00eb t\u00eb shtetit t\u00eb s\u00eb drejt\u00ebs n\u00eb \u00e7do shoq\u00ebri, KRIIK ka ndjekur dhe ndjek n\u00eb vazhdim\u00ebsi thuajse t\u00eb t\u00ebr\u00eb proceset institucional\u00eb, ligjor\u00eb e politik\u00eb q\u00eb kan\u00eb lidhje t\u00eb drejtp\u00ebrdrejt\u00eb ose indirekt me integritetin e zgjedhjeve n\u00eb Shqip\u00ebri.<\/p>\n\n\n\n<p>&nbsp;&nbsp;&nbsp; Kjo p\u00ebrfshin, n\u00eb ve\u00e7anti, ciklin mes periudhave zgjedhore, i cili \u00ebsht\u00eb po aq i r\u00ebnd\u00ebsish\u00ebm pasi p\u00ebrcakton sfondin dhe kontekstin p\u00ebrkund\u00ebr t\u00eb cilit zgjedhjet do t\u00eb mbahen, si edhe sjelljen dhe respektimin n\u00eb t\u00ebr\u00ebsi ndaj kuadrit rregullator ligjor p\u00ebr zgjedhjet.<\/p>\n\n\n\n<p>KRIIK ndoqi me kujdes procesin e d\u00ebshtuar t\u00eb radh\u00ebs q\u00eb synoi t\u00eb reformonte kuadrin ligjor p\u00ebr zgjedhjet, duke konstatuar se procesi reformues ishte s\u00ebrish opak, u zvarrit q\u00ebllimisht dhe nuk konkludoi n\u00eb asnj\u00eb amendim, si pasoj\u00eb e bllokimit politik, pavar\u00ebsisht vlefshm\u00ebris\u00eb ende t\u00eb k\u00ebtij Komisioni Parlamentar t\u00eb ngritur.<\/p>\n\n\n\n<p>&nbsp;&nbsp;&nbsp; Ky mosangazhim serioz p\u00ebr t\u00eb kryer nj\u00eb reform\u00eb t\u00eb plot\u00eb, n\u00eb gjykimin e KRIIK, vjen prej munges\u00ebs s\u00eb vullnetit politik nga klasa politike p\u00ebr t\u00eb hartuar nj\u00eb kuad\u00ebr ligjor t\u00eb plot\u00eb p\u00ebr zgjedhjet, por jo vet\u00ebm, q\u00eb do t\u00eb garantoj\u00eb shprehjen e vullnetit t\u00eb lir\u00eb e t\u00eb pandikuar nga qytetar\u00ebt shqiptar\u00eb, si dhe pjes\u00ebmarrjen e tyre dometh\u00ebn\u00ebse n\u00eb procesin demokratik.<\/p>\n\n\n\n<p>Opinionet dhe q\u00ebndrimet e KRIIK mbi k\u00ebto zhvillime jan\u00eb b\u00ebr\u00eb n\u00eb vazhdim\u00ebsi publike n\u00ebp\u00ebrmjet Deklaratave apo Q\u00ebndrimeve Publike, Letrave t\u00eb Hapura, si dhe n\u00ebp\u00ebrmjet opinioneve dhe sugjerimeve t\u00eb d\u00ebrguara ligjv\u00ebn\u00ebsve lidhur me reform\u00ebn zgjedhore, si edhe ndaj Komisionit Qendror t\u00eb Zgjedhjeve lidhur me aktet n\u00ebnligjore n\u00eb rregullim t\u00eb procesit zgjedhor, apo edhe takimeve me aktor\u00eb politik\u00eb e institucional\u00eb.<\/p>\n\n\n\n<p>Procesin e Zgjedhjeve p\u00ebr Organet e Qeverisjes Vendore t\u00eb 14 majit 2023, KRIIK ka nisur ta monitoroj\u00eb n\u00eb t\u00ebr\u00ebsi q\u00eb prej momentit t\u00eb shpalljes s\u00eb dat\u00ebs s\u00eb zgjedhjeve nga Presidenti i Republik\u00ebs, m\u00eb 24 tetor 2022.<\/p>\n\n\n\n<p>&nbsp;&nbsp;&nbsp; V\u00ebzhgimi i procesit po zhvillohet vullnetarisht nga KRIIK n\u0451 shumic\u00ebn e element\u00ebve t\u0451 vet, n\u00eb bashk\u00ebpunim me 31 organizata t\u00eb njohura lokale partnere<a href=\"#_ftn1\" id=\"_ftnref1\">[1]<\/a>, nj\u00eb bashk\u00ebpunim i konsoliduar ky prej m\u00eb shum\u00eb se nj\u00eb dekade.<\/p>\n\n\n\n<p>Me mb\u00ebshtetjen financiare t\u0451 Programit t\u0451 Granteve t\u0451 Vogla t\u00eb Komisionit p\u00ebr Demokraci pran\u00eb Ambasad\u0451s s\u0451 SHBA n\u0451 Shqip\u00ebri, po v\u00ebzhgohen disa element\u0451 t\u0451 financimit t\u0451 fushat\u00ebs dhe parandalimit t\u00eb p\u00ebrdorimit t\u0451 burimeve shtet\u00ebrore p\u0451r q\u00ebllime elektorale.<\/p>\n\n\n\n<p>Bazuar n\u00eb eksperienc\u00ebn e v\u00ebzhgimit t\u00eb Zgjedhjeve p\u00ebr Kuvendin e Shqip\u00ebris\u00eb t\u00eb vitit 2021 dhe t\u00eb Zgjedhjeve t\u00eb Pjesshme p\u00ebr Kryetar\u00eb t\u00eb 6 Bashkive n\u00eb 2022, KRIIK e fokusoi angazhimin e vet gjat\u00eb procesit p\u00ebr Zgjedhjet Lokale t\u00eb 14 majit 2023 n\u00eb komunikimin institucional me institucionet q\u00eb luajn\u00eb rol n\u00eb procesin zgjedhor, me fokus t\u00eb ve\u00e7ant\u00eb n\u00eb institucionin kryesor, Komisionin Qendror t\u00eb Zgjedhjeve (KQZ).<\/p>\n\n\n\n<p>Kjo qasje \u00ebsht\u00eb n\u00eb linj\u00eb edhe me q\u00ebndrimin e KRIIK prej vitit 2012, p\u00ebr ndjekjen e plot\u00eb dhe n\u00eb m\u00ebnyr\u00eb t\u00eb pand\u00ebrprer\u00eb t\u00eb t\u00eb gjith\u00eb aktivitetit t\u00eb KQZ-s\u00eb dhe komunikimit t\u00eb vazhduesh\u00ebm me t\u00eb, jo vet\u00ebm gjat\u00eb periudhave zgjedhore, por gjat\u00eb gjith\u00eb koh\u00ebs, me synim kryesor nxitjen dhe dh\u00ebnien e nj\u00eb kontributi t\u00eb vazhduesh\u00ebm p\u00ebr sh\u00ebndoshjen dhe konsolidimin e praktik\u00ebs dhe p\u00ebrvoj\u00ebs s\u00eb k\u00ebtij institucioni n\u00eb mbulimin me p\u00ebrgjegjshm\u00ebri dhe paanshm\u00ebri t\u00eb detyrave t\u00eb shumta q\u00eb Kodi Zgjedhor i ngarkon p\u00ebr garantimin e integritetit t\u00eb zgjedhjeve.<\/p>\n\n\n\n<p>Komisioni Qendror i Zgjedhjeve, konsiderohet prej KRIIK, si institucioni i pavarur ky\u00e7 jo vet\u00ebm p\u00ebr legjitimitetin e plot\u00eb ligjor dhe t\u00eb pa influencuar t\u00eb organeve t\u00eb zgjedhura t\u00eb dala nga procesi zgjedhor, por edhe si institucioni i cili mund t\u00eb zhb\u00ebj\u00eb vatr\u00ebn e pand\u00ebshkueshm\u00ebris\u00eb dhe t\u00eb zbatimit t\u00eb ligjit n\u00eb m\u00ebnyr\u00eb t\u00eb barabart\u00eb ndaj partive politike dhe eksponent\u00ebve politik\u00eb me pushtet shtet\u00ebror, apo kandidat\u00eb p\u00ebr ta marr\u00eb dhe ushtruar k\u00ebt\u00eb t\u00eb fundit.<\/p>\n\n\n\n<p>&nbsp;&nbsp;&nbsp; Ushtrimi i p\u00ebrgjegj\u00ebsive dhe kompetencave t\u00eb dh\u00ebna nga ligji m\u00eb p\u00ebrgjegjshm\u00ebri dhe paan\u00ebsi t\u00eb plot\u00eb, duke zhb\u00ebr\u00eb influencat e forta politike q\u00eb ushtrohen e shtrihen nga trupat drejtuese e deri n\u00eb nivelet e ul\u00ebta t\u00eb administrat\u00ebs s\u00eb tij, do ta legjitimojn\u00eb dhe shnd\u00ebrrojn\u00eb KQZ-n\u00eb n\u00eb nj\u00eb institucion v\u00ebrtet t\u00eb pavarur dhe t\u00eb pa kontestuar n\u00eb vendimmarrjen e tij, i cili do t\u00eb afektoj\u00eb dhe nxis\u00eb m\u00eb pas, k\u00ebt\u00eb klim\u00eb dhe sjellje ligjore n\u00eb institucionet e tjera t\u00eb pavaruara, e madje edhe n\u00eb t\u00ebr\u00eb administrat\u00ebn publike.<\/p>\n\n\n\n<p>Duke besuar fort n\u00eb k\u00ebt\u00eb qasje, si dhe nisur nga burimet e kufizuara n\u00eb dispozicion, KRIIK nd\u00ebrtoi nj\u00eb metodologji operimi t\u00eb ngusht\u00eb me KQZ-n\u00eb duke u fokusuar:<\/p>\n\n\n\n<p><em>s\u00eb pari,<\/em> n\u00eb rekomandime konkrete t\u00eb dala nga p\u00ebrvoja shum\u00ebvje\u00e7are e v\u00ebzhgimit t\u00eb pand\u00ebrprer\u00eb p\u00ebr p\u00ebrmir\u00ebsimin e kuadrit rregullator aktual prej KQZ-s\u00eb bazuar n\u00eb kuadrin ligjor n\u00eb fuqi; dhe<\/p>\n\n\n\n<p><em>s\u00eb dyti,<\/em> n\u00eb nxitjen, fuqizimin dhe konsolidimin e mekanizmave t\u00eb brendsh\u00ebm institucional\u00eb t\u00eb KQZ-s\u00eb q\u00eb adresojn\u00eb drejtp\u00ebrdrejt\u00eb kontrollin dhe ligjshm\u00ebrin\u00eb e sjelljes prej partive politike, kandidat\u00ebve t\u00eb tyre, si dhe institucioneve shtet\u00ebrore, qendror\u00eb apo lokale, t\u00eb administruara politikisht dhe totalisht prej maxhoranc\u00ebs aktuale.<\/p>\n\n\n\n<p>Konkretisht, KRIIK u fokusua n\u00eb fuqizimin e mekanizmave m\u00eb sfidues, por nj\u00ebkoh\u00ebsisht edhe shum\u00eb dometh\u00ebn\u00ebs p\u00ebr prevalimin e zbatimit t\u00eb ligjit, sikurse \u00ebsht\u00eb ai p\u00ebr parandalimin e shp\u00ebrdorimit t\u00eb burimeve shtet\u00ebrore si dhe t\u00eb b\u00ebrjes transparenc\u00eb, verifikuar e kontrolluar financimet e p\u00ebrdorura.<\/p>\n\n\n\n<p>Ndryshe nga praktikat e m\u00ebparshme, nisur nga konteksti politik dhe efektiviteti i qasjes konstruktive t\u00eb aksionit t\u00eb monitorimit, KRIIK ka publikuar gjer\u00ebsisht p\u00ebrgjat\u00eb periudh\u00ebs parazgjedhore tri Q\u00ebndrime Publike t\u00eb konsideruara m\u00eb t\u00eb r\u00ebnd\u00ebsishmet n\u00eb lidhje me procesin zgjedhor, nd\u00ebrkoh\u00eb q\u00eb t\u00ebr\u00eb komunikimin intensiv institucional dhe t\u00eb punuarit ngusht\u00eb me Komisionin Qendror t\u00eb Zgjedhjeve p\u00ebr adresimin e problematikave t\u00eb lindura<a href=\"#_ftn2\" id=\"_ftnref2\">[2]<\/a> i ka b\u00ebr\u00eb publike n\u00eb faqen vet t\u00eb internetit.<\/p>\n\n\n\n<p>&nbsp;&nbsp;&nbsp; Gjithashtu, po n\u00eb faqen e internetit t\u00eb KRIIK jan\u00eb b\u00ebr\u00eb publike n\u00eb form\u00eb grafike e tabelare t\u00eb dh\u00ebna t\u00eb p\u00ebrdit\u00ebsuara p\u00ebrgjat\u00eb procesit mbi:<\/p>\n\n\n\n<ul class=\"wp-block-list\"><li>ecurin\u00eb e raportimit t\u00eb institucioneve shtet\u00ebrore n\u00eb KQZ mbi veprimtarit\u00eb publike t\u00eb kryera prej tyre<a href=\"#_ftn3\" id=\"_ftnref3\">[3]<\/a>;<\/li><li>financimet e reklam\u00ebs politike n\u00eb platform\u00ebn \u201cMeta\u201d (Facebook e Instagram) prej aktor\u00ebve politik\u00eb<a href=\"#_ftn4\" id=\"_ftnref4\">[4]<\/a>; si dhe<\/li><li>pasqyrimin mediatik n\u00eb mediat audio-vizive t\u00eb subjekteve zgjedhore<a href=\"#_ftn5\" id=\"_ftnref5\">[5]<\/a> dhe eksponent\u00ebve politik\u00eb p\u00ebrgjat\u00eb periudh\u00ebs zyrtare t\u00eb fushat\u00ebs zgjedhore<a href=\"#_ftn6\" id=\"_ftnref6\">[6]<\/a>.<\/li><\/ul>\n\n\n\n<p><strong>Nd\u00ebrkoh\u00eb q\u00eb vet\u00ebm gjasht\u00eb dit\u00eb<\/strong> na ndajn\u00eb nga dita kur qytetar\u00ebt shqiptar\u00eb do t\u2019u drejtohen kutive t\u00eb votimit p\u00ebr t\u00eb zgjedhur kryebashkiak\u00ebt dhe njer\u00ebzit q\u00eb do t\u00eb ulen n\u00eb k\u00ebshillat e rinj bashkiak\u00eb, KRIIK evidenton se s\u00ebrish, edhe n\u00eb k\u00ebt\u00eb proces zgjedhor, <strong>p\u00ebrgjat\u00eb gjith\u00eb periudh\u00ebs parazgjedhore shteti shqiptar <\/strong><strong>dhe klasa politike vendimmarr\u00ebse nuk arrit\u00ebn t\u00eb organizojn\u00eb nj\u00eb proces zgjedhor, i cili t\u00eb jet\u00eb i nd\u00ebrtuar p\u00ebr qytetar\u00ebt dhe rreth interesave t\u00eb qytetar\u00ebve, duke d\u00ebshtuar t\u00eb garantojn\u00eb q\u00eb k\u00ebta t\u00eb fundit t\u00eb mund t\u00eb zgjedhin n\u00eb 14 maj n\u00eb m\u00ebnyr\u00eb t\u00eb lir\u00eb e t\u00eb pandikuar<\/strong>.<\/p>\n\n\n\n<p>N\u00eb t\u00ebr\u00eb k\u00ebt\u00eb situat\u00eb, me an\u00eb t\u00eb k\u00ebtij Q\u00ebndrimi Publik<a href=\"#_ftn7\" id=\"_ftnref7\">[7]<\/a>, KRIIK u b\u00ebn thirrje t\u00eb gjith\u00eb aktor\u00ebve t\u00eb p\u00ebrfshir\u00eb dhe q\u00eb luajn\u00eb nj\u00eb rol n\u00eb procesin zgjedhor t\u00eb kthejn\u00eb v\u00ebmendjen e tyre drejt qytetar\u00ebve, me synimin p\u00ebr t\u00eb minimizuar sadopak ndikimin e paduhur mbi vullnetin e tyre dhe lejuar ata q\u00eb t\u00eb zgjedhin t\u00eb lir\u00eb dhe t\u00eb pandikuar n\u00eb asnj\u00eb form\u00eb n\u00eb 14 maj p\u00ebrfaq\u00ebsuesit e tyre vendor\u00eb.<\/p>\n\n\n\n<p>N\u00eb vijim t\u00eb k\u00ebtij Q\u00ebndrimi Publik, <strong>KRIIK u b\u00ebn thirrje aktor\u00ebve t\u00eb p\u00ebrfshir\u00eb, sipas grupimeve t\u00eb tyre t\u00eb renditura n\u00eb vijim, p\u00ebr t\u00eb marr\u00eb n\u00eb konsiderat\u00eb rekomandime dhe hapa konkret\u00eb q\u00eb mund t\u00eb nd\u00ebrmerren n\u00eb dit\u00ebt q\u00eb na ndajn\u00eb nga dita e zgjedhjeve, p\u00ebr t\u00eb p\u00ebrmir\u00ebsuar dhe garantuar sa m\u00eb shum\u00eb standardet e shum\u00ebk\u00ebrkuara<\/strong>.<\/p>\n\n\n\n<p><strong>I. P\u00cbR ADMINISTRAT\u00cbN ZGJEDHORE<\/strong><\/p>\n\n\n\n<ul class=\"wp-block-list\"><li>Komisioni Qendror i Zgjedhjeve duhet t\u00eb garantoj\u00eb p\u00ebrmbushjen e frym\u00ebs dhe g\u00ebrm\u00ebs s\u00eb ligjit p\u00ebrsa i p\u00ebrket element\u00ebve t\u00eb mbetur t\u00eb procesit zgjedhor, n\u00eb ve\u00e7anti p\u00ebrsa i p\u00ebrket dit\u00ebs s\u00eb zgjedhjeve dhe num\u00ebrimit t\u00eb votave, procesit t\u00eb ankesave dhe apelimeve, garantimit t\u00eb barazis\u00eb n\u00eb gar\u00eb gjat\u00eb dit\u00ebve t\u00eb mbetura deri n\u00eb dit\u00ebn e zgjedhjeve, n\u00ebp\u00ebrmjet ndalimit t\u00eb p\u00ebrdorimit t\u00eb burimeve shtet\u00ebrore dhe ofiqit publik p\u00ebr avantazh elektoral, mbulimit mediatik<a href=\"#_ftn8\" id=\"_ftnref8\">[8]<\/a> dhe reklamave elektorale.<\/li><\/ul>\n\n\n\n<ul class=\"wp-block-list\"><li>KQZ-ja duhet t\u00eb p\u00ebrdor\u00eb dit\u00ebt e mbetura n\u00eb dispozicion p\u00ebr t\u00eb vendosur sanksione p\u00ebr shkelje t\u00eb kuadrit ligjor aktual p\u00ebr p\u00ebrdorimin e burimeve shtet\u00ebrore p\u00ebr avantazh elektoral t\u00eb cilat ende nuk jan\u00eb trajtuar, duke vendosur sanksione jo vet\u00ebm p\u00ebr n\u00ebpun\u00ebs t\u00eb nivelit t\u00eb mes\u00ebm apo t\u00eb ul\u00ebt, por duke u fokusuar n\u00eb p\u00ebrdorimin e ofiqit dhe t\u00eb autoritetit shtet\u00ebror nga zyrtar\u00eb t\u00eb lart\u00eb t\u00eb shtetit.<\/li><\/ul>\n\n\n\n<p>&nbsp; Ve\u00e7an\u00ebrisht, konsiderohet me shum\u00eb vend sanksionimi i Subjektit Zgjedhor \u201cPartia Socialiste\u201d, si forca politike q\u00eb ka p\u00ebrfituar drejtp\u00ebrdrejt\u00eb n\u00eb t\u00ebr\u00eb rastet e p\u00ebrdorimit t\u00eb burimeve shtet\u00ebrore t\u00eb trajtuara prej KQZ-s\u00eb.<\/p>\n\n\n\n<p>Pavar\u00ebsisht efektit minimal q\u00eb kjo mund t\u00eb ket\u00eb n\u00eb parandalimin e p\u00ebrdorimit t\u00eb burimeve shtet\u00ebrore n\u00eb dit\u00ebt n\u00eb vijim, KRIIK gjykon se kjo sjellje prej KQZ-s\u00eb do t\u00eb jap\u00eb mesazhin e r\u00ebnd\u00ebsish\u00ebm se askush nuk \u00ebsht\u00eb mbi ligjin.<\/p>\n\n\n\n<p>&nbsp;&nbsp; Nga ana tjet\u00ebr do t\u00eb form\u00ebsoj\u00eb nj\u00eb perceptim korrekt n\u00eb publik lidhur me at\u00eb se \u00e7far\u00eb p\u00ebrb\u00ebn p\u00ebrdorim t\u00eb burimeve shtet\u00ebrore p\u00ebr avantazh elektoral, duke vendosur precedent\u00eb pozitiv\u00eb p\u00ebr zgjedhjet e ardhshme n\u00eb vazhdim.<\/p>\n\n\n\n<ul class=\"wp-block-list\"><li>KAS \u00ebsht\u00eb e r\u00ebnd\u00ebsishme t\u00eb sillet dhe veproj\u00eb n\u00eb p\u00ebrputhje t\u00eb plot\u00eb me frym\u00ebn dhe g\u00ebrm\u00ebn e ligjit, duke ruajtur shenjt\u00ebrin\u00eb e rregullimit ligjor t\u00eb dakord\u00ebsuar n\u00eb Kuvend, si dhe shmangur nj\u00ebanshm\u00ebrin\u00eb politike t\u00eb v\u00ebrejtur n\u00eb vendimmarrjen e deritanishme.<\/li><\/ul>\n\n\n\n<p>Nj\u00eb qasje e till\u00eb \u00ebsht\u00eb jetike p\u00ebr ligjshm\u00ebrin\u00eb dhe drejt\u00ebsin\u00eb e procesit n\u00eb vazhdim, e ve\u00e7an\u00ebrisht p\u00ebr procesin e drejt\u00ebsis\u00eb zgjedhore, si faza e fundit e procesit zgjedhor.<\/p>\n\n\n\n<ul class=\"wp-block-list\"><li>N\u00eb m\u00ebnyr\u00eb q\u00eb zgjedh\u00ebsit t\u00eb marrin informacion t\u00eb balancuar n\u00eb lidhje me subjektet zgjedhore, KQZ, n\u00eb bashk\u00ebpunim me Policin\u00eb e Shtetit dhe Policit\u00eb Bashkiake duhet t\u00eb marrin masat e nevojshme p\u00ebr t\u00eb identifikuar dhe hequr t\u00eb gjith\u00eb materialet propagandistike statike q\u00eb jan\u00eb vendosur n\u00eb kund\u00ebrshtim me ligjin n\u00eb t\u00eb gjith\u00eb territorin e vendit, p\u00ebrfshi ato q\u00eb nuk p\u00ebrmbajn\u00eb mbishkrimet e k\u00ebrkuara nga ligji, dhe ve\u00e7an\u00ebrisht ato q\u00eb jan\u00eb vendosur n\u00eb vende q\u00eb nuk p\u00ebrcaktohen specifikisht n\u00eb vendimet e kryetar\u00ebve t\u00eb bashkive.<\/li><\/ul>\n\n\n\n<p>&nbsp;&nbsp; Vendimmarrja e Komisionerit Shtet\u00ebror t\u00eb Zgjedhjeve (KSHZ) dhe urdhri i tij aktual p\u00ebr heqjen e materialeve propagandistike n\u00eb shkelje t\u00eb ligjit, duhet q\u00eb n\u00eb m\u00ebnyr\u00eb pro-aktive t\u00eb shtrihet n\u00eb t\u00ebr\u00eb territorin e vendit, dhe jo vet\u00ebm n\u00eb ato vende q\u00eb jan\u00eb subjekt i denoncimeve t\u00eb b\u00ebra.<\/p>\n\n\n\n<p>&nbsp;&nbsp; KSHZ duhet t\u00eb p\u00ebrdor\u00eb n\u00eb m\u00ebnyr\u00eb efikase monitoruesit e fushat\u00ebs zgjedhore p\u00ebr t\u00eb b\u00ebr\u00eb efetive kontrollin e KQZ-s\u00eb n\u00eb k\u00ebt\u00eb drejtim e p\u00ebr t\u00eb ndalur paligjshm\u00ebrin\u00eb n\u00eb t\u00ebr\u00eb territorin e vendit.<\/p>\n\n\n\n<p>&nbsp;&nbsp; \u00cbsht\u00eb e domosdoshme q\u00eb KQZ-ja, ve\u00e7an\u00ebrisht administrata dhe KSHZ, t\u00eb trajtoj\u00eb t\u00ebr\u00eb element\u00ebt e denoncuar prej KRIIK, e krijuar praktik\u00eb vendimmarr\u00ebse mbi to, duke shmangur me \u00e7do kusht krijimin e precedentit negativ t\u00eb prevalimit t\u00eb nj\u00eb marr\u00ebdh\u00ebnie private, konkretisht asaj midis subjekteve zgjedhore dhe kompanis\u00eb private t\u00eb administrimit t\u00eb citylight-eve, mbi rregullimin ligjor t\u00eb Kodit Zgjedhor, i cili disiplinon n\u00eb m\u00ebnyr\u00eb t\u00eb qart\u00eb e shterues p\u00ebrdorimin e materialeve propagandistike prej subjekteve zgjedhore p\u00ebrgjat\u00eb fushat\u00ebs zgjedhore.<\/p>\n\n\n\n<p>&nbsp;&nbsp; Mosveprimi apo lejimi i nj\u00eb qasje t\u00eb till\u00eb, \u00ebsht\u00eb nj\u00eb precedent i rreziksh\u00ebm i cili zhb\u00ebn t\u00ebr\u00eb rregullimin ligjor, produkt i drejtp\u00ebrdrejt\u00eb i Marr\u00ebveshjes Politike t\u00eb 2020-\u00ebs, nd\u00ebrkoh\u00eb q\u00eb hap rrug\u00ebn p\u00ebr abuzimin e pafre n\u00eb zgjedhjet e m\u00ebpasshme prej subjekteve zgjedhore me mund\u00ebsi financiare t\u00eb konsiderueshme, apo edhe do t\u00eb legjitimoj\u00eb abuzimin e t\u00eb t\u00eb b\u00ebrit fushat\u00eb nga pal\u00eb t\u00eb treta.<\/p>\n\n\n\n<ul class=\"wp-block-list\"><li>KQZ-ja duhet t\u00eb marr\u00eb masat q\u00eb t\u00eb plot\u00ebsoj\u00eb vakancat q\u00eb mund t\u00eb mbeten n\u00eb komisionet zgjedhore t\u00eb nivelit t\u00eb tret\u00eb me individ\u00eb t\u00eb caktuar kryesisht, duke siguruar q\u00eb procesi zgjedhor nuk do t\u00eb bllokohet, por duke garantuar gjithashtu se k\u00ebta t\u00eb fundit jan\u00eb pa lidhje politike me subjektet zgjedhore n\u00eb gar\u00eb dhe b\u00ebr\u00eb \u00e7\u2019\u00ebsht\u00eb e mundur p\u00ebr t\u00eb siguruar dhe parandaluar disbalanc\u00ebn politike n\u00eb komisionet zgjedhore<a href=\"#_ftn9\" id=\"_ftnref9\">[9]<\/a>.&nbsp;<\/li><\/ul>\n\n\n\n<ul class=\"wp-block-list\"><li>KQZ-ja duhet t\u00eb marr\u00eb masa p\u00ebr t\u2019iu kujtuar n\u00eb m\u00ebnyr\u00eb t\u00eb p\u00ebrs\u00ebritur an\u00ebtar\u00ebve t\u00eb komisioneve t\u00eb qendrave t\u00eb votimit, si dhe v\u00ebzhguesve politik\u00eb, se \u00ebsht\u00eb e ndaluar marrja sh\u00ebnim dhe transmetimi i informacioneve tek subjektet p\u00ebrkat\u00ebse politike se cili qytetar hyn dhe voton n\u00eb qendr\u00ebn e votimit, ndryshe nga praktika negative dhe e paligjshme e t\u00ebr\u00eb proceseve t\u00eb m\u00ebparshme zgjedhore.<\/li><\/ul>\n\n\n\n<ul class=\"wp-block-list\"><li>KQZ-ja duhet t\u2019iu kujtoj\u00eb dhe siguroj\u00eb t\u00ebr\u00eb an\u00ebtar\u00ebt e komisioneve zgjedhore se do t\u00eb zbatoj\u00eb pas asnj\u00eb ekuivok sanksionimin e shkeljes s\u00eb ligjit prej tyre, qoft\u00eb n\u00ebse ai denoncohet p\u00ebrgjat\u00eb zhvillimit t\u00eb procesit zgjedhor, qoft\u00eb n\u00ebse ai konstatohet gjat\u00eb procesit t\u00eb auditit post-zgjedhor, pas zgjedhjeve.<\/li><\/ul>\n\n\n\n<ul class=\"wp-block-list\"><li>KQZ-ja t\u00eb marr\u00eb masa p\u00ebr t\u2019u ofruar t\u00ebr\u00eb subjekteve zgjedhore e kandidat\u00ebve, n\u00eb koh\u00ebn m\u00eb t\u00eb shpejt\u00eb t\u00eb mundshme, regjistrimet video nga qendrat e votimit apo nga tavolinat e num\u00ebrimit n\u00eb Vendet e Num\u00ebrimit t\u00eb Votave, p\u00ebr efekt t\u00eb transparenc\u00ebs, kontrollit apo edhe t\u00eb procesit ankimues t\u00eb mundsh\u00ebm prej tyre.<\/li><\/ul>\n\n\n\n<ul class=\"wp-block-list\"><li>Komisioni Rregullator duhet t\u00eb reflektoj\u00eb dhe tregoj\u00eb p\u00ebrgjegjshm\u00ebri dhe dakord\u00ebsi profesionale t\u00eb udh\u00ebhequr vet\u00ebm nga ligji, duke tejkaluar \u00e7do an\u00ebsi politike, duke marr\u00eb nj\u00eb q\u00ebndrim pro-aktiv p\u00ebr p\u00ebrmir\u00ebsimin e kuadrit rregullator ligjor.<\/li><\/ul>\n\n\n\n<p>Konsiderohet domosdoshm\u00ebri marrja n\u00eb shqyrtim dhe p\u00ebrmir\u00ebsimi i kuadrit rregullator mbi raportimin financiar t\u00eb subjekteve dhe kandidat\u00ebve p\u00ebr zgjedhjet vendore, nisur nga sugjerimet dhe rekomandimet specifike t\u00eb d\u00ebrguara nga aktor\u00eb t\u00eb tret\u00eb, me synim efektivitetin e verifikimit dhe kontrollit t\u00eb financimit t\u00eb fushat\u00ebs zgjedhore.<\/p>\n\n\n\n<ul class=\"wp-block-list\"><li>KQZ-ja t\u00eb p\u00ebrfshij\u00eb dhe citoj\u00eb n\u00eb m\u00ebnyr\u00eb eksplicite n\u00eb kategorin\u00eb e subjekteve zgjedhore q\u00eb kan\u00eb detyrimin t\u00eb plot\u00ebsojn\u00eb dhe dor\u00ebzojn\u00eb n\u00eb Komisionin Qendror t\u00eb Zgjedhjeve raportin&nbsp; financiar p\u00ebr zgjedhjet e 14 majit n\u00ebp\u00ebrmjet Platform\u00ebs Elektronike t\u00eb Raportimit Financiar (PERF) edhe kandidat\u00ebt e listave shumem\u00ebrore p\u00ebr an\u00ebtar\u00eb t\u00eb k\u00ebshillave bashkiak\u00eb.<\/li><\/ul>\n\n\n\n<p>Argumentimi dhe qasja e KQZ-s\u00eb mbi v\u00ebshtir\u00ebsit\u00eb objektive t\u00eb p\u00ebrmbushjes s\u00eb detyrimit nga rreth 23,000 kandidat\u00eb k\u00ebshillash vendor\u00eb nuk duhet t\u00eb c\u00ebnoj\u00eb parimin e barazis\u00eb p\u00ebrpara ligjit, duke pamund\u00ebsuar nga ana tjet\u00ebr efikasitetin e mekanizmit t\u00eb verifikimit dhe kontrollit t\u00eb financimeve prej KQZ-s\u00eb pas zgjedhjeve.<\/p>\n\n\n\n<ul class=\"wp-block-list\"><li>Administrata zgjedhore duhet t\u00eb marr\u00eb masat e nevojshme q\u00eb t\u00eb gjith\u00eb zgjedh\u00ebsit t\u00eb ken\u00eb mund\u00ebsi t\u00eb votojn\u00eb n\u00eb m\u00ebnyr\u00eb t\u00eb pavarur dit\u00ebn e zgjedhjeve, pavar\u00ebsisht aft\u00ebsive t\u00eb tyre fizike apo intelektuale specifike, duke mund\u00ebsuar infrastruktur\u00ebn e nevojshme p\u00ebr zgjedh\u00ebsit me nevoja t\u00eb ve\u00e7anta (t\u00eb tilla si format Braille, rampat, apo t\u00eb tjera leht\u00ebsi infrastrukturore).<\/li><\/ul>\n\n\n\n<ul class=\"wp-block-list\"><li>KQZ-ja dhe Monitoruesit e Fushat\u00ebs t\u00eb angazhuar prej saj duhet t\u00eb jen\u00eb ve\u00e7an\u00ebrisht t\u00eb v\u00ebmendsh\u00ebm ndaj thyerjes s\u00eb heshtjes zgjedhore, n\u00ebp\u00ebrmjet \u00e7do mediumi, duke marr\u00eb masa paraprakisht p\u00ebr t\u00eb denoncuar n\u00eb m\u00ebnyr\u00eb t\u00eb menj\u00ebhershme dhe ndaluar me efikasitet \u00e7do element t\u00eb thyerjes s\u00eb saj prej kujtdo subjekti zgjedhor, kandidati apo media online, ose jo.<\/li><\/ul>\n\n\n\n<p>&nbsp;&nbsp; KQZ-ja duhet q\u00eb t\u2019u t\u00ebrheq\u00eb v\u00ebmendjen subjekteve zgjedhore dhe kandidat\u00ebve se thyerja e heshtjes zgjedhore ka t\u00eb b\u00ebj\u00eb edhe me deklarata potenciale n\u00eb rrjetet sociale apo reklama t\u00eb postuara n\u00eb mediat apo platformat online, p\u00ebrfshi rrjetet sociale, duke i siguruar se do t\u00eb jet\u00eb e gatshme p\u00ebr t\u00eb sanksionuar n\u00eb m\u00ebnyr\u00eb t\u00eb menj\u00ebhershme, p\u00ebrfshi gjat\u00eb dit\u00ebs s\u00eb zgjedhjeve, \u00e7do sinjalizim t\u00eb ardhur p\u00ebr thyerje t\u00eb heshtjes zgjedhore.<\/p>\n\n\n\n<p>N\u00eb k\u00ebt\u00eb kontekst nxitet KSHZ t\u00eb miratoj\u00eb sa m\u00eb par\u00eb nj\u00eb urdh\u00ebr specifik, thyerja e t\u00eb cilit p\u00ebrgjat\u00eb periudh\u00ebs s\u00eb heshtjes zgjedhore t\u00eb sjell\u00eb sanksionimin e menj\u00ebhersh\u00ebm t\u00eb shkel\u00ebsit, si dhe ndalimin e menj\u00ebhersh\u00ebm t\u00eb shkeljes.<\/p>\n\n\n\n<p><strong>II. P\u00cbR SUBJEKTET ZGJEDHORE DHE KANDIDAT\u00cbT<\/strong><\/p>\n\n\n\n<ul class=\"wp-block-list\"><li>Drejtuesit e Partive Politike n\u00eb nivel qendror duhet t\u00eb t\u00ebrhiqen nga fushata aktive n\u00eb dit\u00ebt e mbetura, duke u l\u00ebn\u00eb hap\u00ebsir\u00ebn e nevojshme kandidat\u00ebve lokal\u00eb t\u00eb shpalosin programet e veta.<\/li><\/ul>\n\n\n\n<p>Nj\u00eb hap\u00ebsir\u00eb e ve\u00e7ant\u00eb i duhet l\u00ebn\u00eb kandidat\u00ebve p\u00ebr an\u00ebtar\u00eb t\u00eb k\u00ebshillave vendor\u00eb, apo parlamenteve lokal\u00eb, e ve\u00e7an\u00ebrisht kandidateve gra.<\/p>\n\n\n\n<ul class=\"wp-block-list\"><li>Kandidat\u00ebt p\u00ebr kryetar\u00eb bashkie duhet t\u00eb shpalosin programe t\u00eb detajuara dhe t\u00eb bazuara n\u00eb hapa konkret\u00eb p\u00ebr zhvillimin e q\u00ebndruesh\u00ebm t\u00eb komuniteteve p\u00ebrkat\u00ebse, duke shmangur gjuh\u00ebn konfliktuale dhe sulmet personale ndaj kandidat\u00ebve kund\u00ebrshtar\u00eb.<\/li><\/ul>\n\n\n\n<ul class=\"wp-block-list\"><li>Partit\u00eb politike dhe kandidat\u00ebt duhet t\u00eb evitojn\u00eb gjuh\u00ebn denigruese dhe sulmet personale, duke e fokusuar fushat\u00ebn n\u00eb alternativat zhvillimore programatike q\u00eb propozojn\u00eb, si dhe tek qytetar\u00ebt.<\/li><\/ul>\n\n\n\n<p>Paraqitet e nevojshme q\u00eb t\u00eb b\u00ebhen me dije element\u00eb konkret\u00eb t\u00eb programeve mbi shtresat n\u00eb nevoj\u00eb, komunitetet etno-kulturore, kategorit\u00eb vulnerab\u00ebl t\u00eb shoq\u00ebris\u00eb, \u00e7\u00ebshtje konkrete q\u00eb lidhen me sigurin\u00eb vendore t\u00eb qytetar\u00ebve, etj.<\/p>\n\n\n\n<ul class=\"wp-block-list\"><li>Subjektet zgjedhore duhet t\u00eb marrin masat e nevojshme q\u00eb t\u00eb plot\u00ebsojn\u00eb vakancat n\u00eb komisionet e nivelit t\u00eb tret\u00eb sa m\u00eb shpejt, pavar\u00ebsisht se jan\u00eb n\u00eb tejkalim t\u00eb afatit ligjor<a href=\"#_ftn10\" id=\"_ftnref10\">[10]<\/a>.&nbsp;<\/li><\/ul>\n\n\n\n<ul class=\"wp-block-list\"><li>\u00c7do kandidat i regjistruar n\u00eb k\u00ebto zgjedhje, pavar\u00ebsisht se garon n\u00eb sigl\u00ebn e ndonj\u00eb partie politike apo si i pavarur, kandidat p\u00ebr kryetar bashkie apo p\u00ebr k\u00ebshillin bashkiak, do t\u00eb duhet t\u00eb angazhohet dhe t\u00eb raportoj\u00eb n\u00eb m\u00ebnyr\u00eb t\u00eb plot\u00eb dhe t\u00eb sakt\u00eb t\u00eb ardhurat dhe shpenzimet e fushat\u00ebs, n\u00eb p\u00ebrputhje t\u00eb plot\u00eb me kuadrin ligjor.<\/li><\/ul>\n\n\n\n<ul class=\"wp-block-list\"><li>Partit\u00eb politike dhe koalicionet q\u00eb marrin pjes\u00eb n\u00eb zgjedhje duhet t\u00eb garantojn\u00eb q\u00eb t\u00eb gjith\u00eb kandidat\u00ebt e vet do t\u00eb raportojn\u00eb me p\u00ebrgjegjshm\u00ebri maksimale t\u00eb gjitha t\u00eb ardhurat dhe shpenzimet e kryera.<\/li><\/ul>\n\n\n\n<ul class=\"wp-block-list\"><li>KRIIK nxit t\u00eb t\u00ebr\u00eb subjektet zgjedhore, q\u00eb n\u00ebn thirrjen e b\u00ebr\u00eb edhe n\u00eb zgjedhjet e m\u00ebparshm\u00eb, t\u00eb b\u00ebjn\u00eb transparenc\u00eb paraprakisht p\u00ebrpara qytetar\u00ebve, p\u00ebrpara dit\u00ebs s\u00eb zgjedhjeve, duke publikuar dhe deklaruar t\u00eb ardhurat dhe shpenzimet e b\u00ebra p\u00ebrgjat\u00eb k\u00ebsaj fushate elektorale, si shenj\u00eb p\u00ebrgjegjshm\u00ebrie dhe respekti ndaj qytetar\u00ebve dhe nevoj\u00ebs s\u00eb tyre p\u00ebr informim objektiv mbi burimet financiare t\u00eb ofert\u00ebs elektorale q\u00eb p\u00ebrfaq\u00ebsojn\u00eb.<\/li><\/ul>\n\n\n\n<ul class=\"wp-block-list\"><li>Subjektet zgjedhore duhet t\u00eb tregojn\u00eb dhe konkretizojn\u00eb n\u00eb k\u00ebt\u00eb fushat\u00eb zgjedhore vendore vullnetin e shprehur n\u00eb vazhdim\u00ebsi p\u00ebr nj\u00eb shoq\u00ebri t\u00eb barabart\u00eb, duke b\u00ebr\u00eb publike pjes\u00eb konkrete t\u00eb programeve t\u00eb tyre mbi element\u00eb specifik\u00eb dhe t\u00eb arritsh\u00ebm p\u00ebr fuqizimin e grave, si dhe t\u00eb shtresave vulnerab\u00ebl t\u00eb shoq\u00ebris\u00eb, p\u00ebrfshir\u00eb personat me aft\u00ebsi ndryshe apo minoritetet.<\/li><\/ul>\n\n\n\n<p><strong>III. P\u00cbR ZYRTAR\u00cbT PUBLIK\u00cb DHE POLITIK\u00cb<\/strong><\/p>\n\n\n\n<ul class=\"wp-block-list\"><li>Drejtuesit e pushtetit ekzekutiv n\u00eb nivel qendror dhe drejtuesit politik\u00eb t\u00eb maxhoranc\u00ebs duhet t\u00eb evitojn\u00eb intimidimin e qytetar\u00ebve dhe drejtimin e vot\u00ebs n\u00ebp\u00ebrmjet k\u00ebrc\u00ebnimeve, t\u00eb hapura apo t\u00eb n\u00ebnkuptuara, p\u00ebr munges\u00eb mb\u00ebshtetjeje projektesh dhe buxheti p\u00ebr qytetar\u00ebt e bashkive q\u00eb do t\u00eb zgjedhin t\u00eb votojn\u00eb kandidat\u00eb t\u00eb ndrysh\u00ebm nga ata maxhoranc\u00ebs.<\/li><\/ul>\n\n\n\n<ul class=\"wp-block-list\"><li>Ofiqar\u00ebt publik\u00eb t\u00eb nivelit t\u00eb lart\u00eb (ve\u00e7an\u00ebrisht ministra e t\u00eb tjer\u00eb zyrtar\u00eb t\u00eb lart\u00eb n\u00eb nivel qendror) t\u00eb ndalojn\u00eb p\u00ebrdorimin e ofiqit publik dhe t\u00eb autoritetit shtet\u00ebror, t\u00eb tyre zyrtar apo t\u00eb institucionit q\u00eb ata drejtojn\u00eb, p\u00ebr avantazh elektoral.<\/li><\/ul>\n\n\n\n<ul class=\"wp-block-list\"><li>Kandidat\u00ebt aktual\u00eb p\u00ebr kryebashkiak\u00eb dhe drejtuesit e institucioneve publike, n\u00eb t\u00eb gjitha nivelet, duhet t\u00eb ndalojn\u00eb p\u00ebrdorimin e administrat\u00ebs publike p\u00ebr fushat\u00ebn zgjedhore dhe intimidimin e tyre p\u00ebr angazhim n\u00eb fushat\u00eb, p\u00ebr t\u00eb votuar n\u00eb nj\u00eb m\u00ebnyr\u00eb t\u00eb caktuar, p\u00ebr t\u00eb b\u00ebr\u00eb like apo share postimet e titullar\u00ebve e drejtuesve politik\u00eb, apo orientuar vot\u00ebn e tyre, t\u00eb familjar\u00ebve apo t\u00eb njohurve t\u00eb tyre.<\/li><\/ul>\n\n\n\n<ul class=\"wp-block-list\"><li>Ministrat dhe drejtues t\u00eb tjer\u00eb t\u00eb lart\u00eb publik\u00eb duhet t\u00eb ndalojn\u00eb fushat\u00ebn e propagandimit t\u00eb politikave me karakter publik, t\u00eb promovimit t\u00eb investimeve apo masave favorizuese n\u00eb dobi t\u00eb kategorive t\u00eb ndryshme t\u00eb popullat\u00ebs, t\u00eb inspektimeve dhe arritjeve t\u00eb deritanishme, pasi t\u00ebr\u00eb k\u00ebto jan\u00eb dhe mbeten aktivitete me natyr\u00eb t\u00eb past\u00ebr elektorale<a href=\"#_ftn11\" id=\"_ftnref11\">[11]<\/a>, t\u00eb cilat shfryt\u00ebzohen padrejt\u00ebsisht p\u00ebr avantazh elektoral p\u00ebr shkak t\u00eb postit dhe funksionit publik q\u00eb kan\u00eb.<\/li><\/ul>\n\n\n\n<p><strong>IV. P\u00cbR MEDIAN<\/strong><\/p>\n\n\n\n<ul class=\"wp-block-list\"><li>T\u00eb transmetojn\u00eb me v\u00ebrtet\u00ebsi e objektivitet t\u00ebr\u00eb element\u00ebt e fushat\u00ebs zgjedhore t\u00eb kryer nga t\u00eb gjith\u00eb subjektet zgjedhore dhe kandidat\u00ebt e tyre, duke ofruar me profesionaliz\u00ebm e integritet nj\u00eb pasqyrim sa m\u00eb t\u00eb drejt\u00eb dhe n\u00eb funksion t\u00eb interesit t\u00eb gjer\u00eb publik, duke i kushtuar v\u00ebmendje n\u00eb ve\u00e7anti kandidateve gra apo atyre q\u00eb p\u00ebrfaq\u00ebsojn\u00eb komunitete apo kategori t\u00eb ve\u00e7anta t\u00eb popullsis\u00eb.<\/li><\/ul>\n\n\n\n<ul class=\"wp-block-list\"><li>Mediat duhet t\u00eb nxisin e b\u00ebjn\u00eb presion pozitiv profesional ndaj kandidat\u00ebve p\u00ebr kryetar\u00eb bashkie n\u00eb k\u00ebto dit\u00eb t\u00eb mbetura t\u00eb fushat\u00ebs, ve\u00e7an\u00ebrisht n\u00eb bashkit\u00eb e m\u00ebdha t\u00eb vendit, p\u00ebr t\u00eb zhvilluar debate zgjedhore t\u00eb p\u00ebrq\u00ebndruara n\u00eb programe konkrete n\u00eb interes t\u00eb qytetar\u00ebve respektiv\u00eb n\u00eb bashkit\u00eb e vendit, si nj\u00eb domosdoshm\u00ebri p\u00ebr t\u00eb b\u00ebr\u00eb transparenc\u00eb mbi ofertat elektorale dhe siguruar llogaridh\u00ebnien ndaj angazhimeve publike t\u00eb nd\u00ebrmarra.<\/li><\/ul>\n\n\n\n<ul class=\"wp-block-list\"><li>Mediat t\u00eb ndalojn\u00eb \u00e7do transmetim q\u00eb mund t\u00eb perceptohet si propagand\u00eb elektorale gjat\u00eb periudh\u00ebs s\u00eb heshtjes zgjedhore, p\u00ebrshir\u00eb mesazhet apo thirrjet p\u00ebr t\u00eb votuar n\u00eb dit\u00ebn e zgjedhjeve nga politikan\u00ebt.<\/li><\/ul>\n\n\n\n<ul class=\"wp-block-list\"><li>Mediat nxiten, n\u00eb vijim t\u00eb praktik\u00ebs s\u00eb ndjekur n\u00eb proceset e meparshme zgjedhore, t\u00eb jen\u00eb sa m\u00eb shum\u00eb prezente n\u00eb terren p\u00ebrgjat\u00eb gjith\u00eb k\u00ebsaj jave, ve\u00e7an\u00ebrisht gjat\u00eb procesit t\u00eb votimit n\u00eb dit\u00ebn e zgjedhjeve, duke iu dh\u00ebn\u00eb z\u00eb t\u00ebr\u00eb shqet\u00ebsimeve dhe denoncimeve t\u00eb paraqitura nga qytetar\u00ebt apo subjektetet zgjedhore.<\/li><\/ul>\n\n\n\n<p><strong>V. P\u00cbR INSTITUCIONE T\u00cb TJERA Q\u00cb LUAJN\u00cb ROL N\u00cb PROCES<\/strong><\/p>\n\n\n\n<ul class=\"wp-block-list\"><li>Komisioneri p\u00ebr Mbik\u00ebqyrjen e Sh\u00ebrbimit Civil t\u00eb k\u00ebrkoj\u00eb me p\u00ebrpikm\u00ebri zbatimin e mekanizmit p\u00ebr mbik\u00ebqyrjen e sjelljes s\u00eb institucioneve publike pa ekuivok dhe t\u00eb k\u00ebrkoj\u00eb nga t\u00eb gjitha institucionet vijimin e raportimit sipas udh\u00ebzimit p\u00ebrkat\u00ebs, duke marr\u00eb masa konkrete p\u00ebr \u00e7do shkelje t\u00eb v\u00ebrejtur.<\/li><\/ul>\n\n\n\n<ul class=\"wp-block-list\"><li>Task Forca p\u00ebr ndalimin e p\u00ebrdorimit t\u00eb burimeve shtet\u00ebrore, e ngritur me Vendim t\u00eb K\u00ebshillit t\u00eb Ministrave m\u00eb dat\u00ebn 20 prill 2023, dhe e drejtuar nga Zv. Kryeministrja dhe Ministrja e Energjis\u00eb dhe Infrastruktur\u00ebs, znj. Balluku, e cila \u00ebsht\u00eb nj\u00ebkoh\u00ebsisht Drejtuese Politike e Partis\u00eb Socialiste p\u00ebr Qarkun e Dibr\u00ebs, jo vet\u00ebm q\u00eb nuk ka funksionuar asnj\u00eb dit\u00eb (p\u00ebrsa \u00ebsht\u00eb b\u00ebr\u00eb publike), por duhet s\u00eb paku t\u00eb jap\u00eb shembullin e vet n\u00eb mosp\u00ebrdorimin e burimeve publike p\u00ebr avantazh elektoral, duke ndaluar s\u00eb pari fushat\u00ebn n\u00eb mb\u00ebshtetje t\u00eb kandidat\u00ebve n\u00eb Qarkun q\u00eb Zv. Kryeministrja drejton, por edhe n\u00eb zonat e tjera ku Ministrat an\u00ebtar\u00eb t\u00eb k\u00ebsaj strukture jan\u00eb Drejtues Politik\u00eb.<\/li><\/ul>\n\n\n\n<ul class=\"wp-block-list\"><li>Policia e Shtetit dhe Policit\u00eb Bashkiake, ve\u00e7an\u00ebrisht kjo e dyta, duhet t\u00eb marrin masa t\u00eb menj\u00ebhershme p\u00ebr t\u00eb identifikuar dhe hequr t\u00eb gjith\u00eb materialet propagandistike statike q\u00eb jan\u00eb vendosur n\u00eb kund\u00ebrshtim me ligjin n\u00eb t\u00eb gjith\u00eb territorin e vendit, e sidomos ato q\u00eb jan\u00eb vendosur n\u00eb vende q\u00eb nuk citohen specifikisht n\u00eb vendimet e kryetar\u00ebve t\u00eb bashkive apo q\u00eb ndodhen n\u00eb af\u00ebrsi t\u00eb institucioneve publike, sikurse udh\u00ebzimi i KQZ-s\u00eb parashikon.<\/li><\/ul>\n\n\n\n<ul class=\"wp-block-list\"><li>AMA t\u2019i kushtoj\u00eb v\u00ebmendje t\u00eb ve\u00e7ant\u00eb sjelljes s\u00eb medias n\u00eb vazhdim t\u00eb periudh\u00ebs s\u00eb mbetur t\u00eb fushat\u00ebs dhe t\u00eb raportoj\u00eb n\u00eb KQZ \u00e7do dit\u00eb duke p\u00ebrfshir\u00eb edhe propozimin e sanksioneve n\u00eb m\u00ebnyr\u00eb t\u00eb p\u00ebrditshme p\u00ebr mediat q\u00eb shkelin balanc\u00ebn n\u00eb transmetim, me q\u00ebllimin p\u00ebr t\u00eb garantuar q\u00eb qytetar\u00ebt t\u00eb mund t\u00eb marrin informacion t\u00eb plot\u00eb dhe t\u00eb balancuar mbi subjektet zgjedhore dhe kandidat\u00ebt.<\/li><\/ul>\n\n\n\n<p>Sanksionimi i mediave pasi fushata zgjedhore t\u00eb ket\u00eb p\u00ebrfunduar nuk garanton nj\u00eb mjedis t\u00eb pandikuar p\u00ebr zgjedh\u00ebsit dhe do t\u00eb jet\u00eb jo efektive, jo vet\u00ebm p\u00ebr k\u00ebt\u00eb proces, por edjhe p\u00ebr procesin e ardhs\u00ebhm zgjedhor, duke vazhduar e konsoliduar p\u00ebrvoj\u00ebn negative t\u00eb ndjekur edhe proceset e m\u00ebparshme zgjedhore.<\/p>\n\n\n\n<ul class=\"wp-block-list\"><li>Policia e Shtetit dhe Prokuroria duhet t\u00eb jen\u00eb n\u00eb gatishm\u00ebri t\u00eb plot\u00eb p\u00ebr t\u00eb identifikuar dhe nd\u00ebshkuar n\u00eb m\u00ebnyr\u00eb t\u00eb menj\u00ebhershme k\u00ebdo q\u00eb tenton t\u00eb ndikoj\u00eb n\u00eb m\u00ebnyr\u00eb t\u00eb paligjshme vullnetin e zgjedh\u00ebsve apo pengon lirin\u00eb e shprehjes s\u00eb kandidat\u00ebve apo subjekteve zgjedhore, me nj\u00eb fokus t\u00eb ve\u00e7ant\u00eb n\u00eb denoncimet q\u00eb vijn\u00eb p\u00ebr intimidim t\u00eb zgjedh\u00ebsve apo tentativa p\u00ebr blerje t\u00eb vot\u00ebs.<\/li><\/ul>\n\n\n\n<p>Ato duhet t\u00eb ndjekin n\u00eb m\u00ebnyr\u00eb proaktive t\u00eb gjitha rastet e shkeljeve q\u00eb p\u00ebrb\u00ebjn\u00eb vepra penale dhe q\u00eb denoncohen nga qytetar\u00ebt apo transmetohen nga mediat.<\/p>\n\n\n\n<ul class=\"wp-block-list\"><li>Policia e Shtetit duhet t\u00eb jet\u00eb tejet e v\u00ebmendshme dhe proaktive dit\u00ebn e zgjedhjeve p\u00ebr t\u00eb identifikuar dhe shp\u00ebrndar\u00eb grumbullimet e personave n\u00eb mjediset p\u00ebrreth qendrave t\u00eb votimit, n\u00eb p\u00ebrputhje me Kodin Zgjedhor dhe udhrin e Komisionerit Shtet\u00ebror t\u00eb Zgjedhjeve.<\/li><\/ul>\n\n\n\n<p>Ajo duhet t\u00eb jet\u00eb t\u00ebr\u00eb k\u00ebto dit\u00eb m\u00ebse e pranishme n\u00eb t\u00eb t\u00ebr\u00eb territorin e vendit, por me nj\u00eb qasje sa m\u00eb profesionale duke mbetur e padukshme e patur n\u00eb kontroll t\u00eb plot\u00eb situat\u00ebn.<\/p>\n\n\n\n<p><strong>VI. P\u00cbR QYTETAR\u00cbT SHQIPTAR\u00cb<\/strong><\/p>\n\n\n\n<ul class=\"wp-block-list\"><li>Qytetar\u00ebt shqiptar\u00eb duhet t\u00eb angazhohen n\u00eb m\u00ebnyr\u00eb aktive gjat\u00eb dit\u00ebve t\u00eb mbetura p\u00ebr t\u00eb verifikuar n\u00ebse e kan\u00eb emrin n\u00eb list\u00eb dhe n\u00eb cil\u00ebn qend\u00ebr votimi jan\u00eb t\u00eb p\u00ebrfshir\u00eb, dhe p\u00ebrdorin n\u00eb m\u00ebnyr\u00eb proaktive dhe sa m\u00eb shpejt mekanizmat ligjor\u00eb n\u00eb dispozicion (parashtrimin e nj\u00eb k\u00ebrkese n\u00eb gjykat\u00eb deri dit\u00ebn e premte dat\u00eb 12 maj , ora 24.00) p\u00ebr t\u00eb mund\u00ebsuar votimin dit\u00ebn e zgjedhjeve.<\/li><\/ul>\n\n\n\n<p>Ky kontroll paraprak paraqitet tejet i r\u00ebnd\u00ebsish\u00ebm t\u00eb kryhet n\u00eb k\u00ebto zgjedhje duke qen\u00eb se rreth 1.3 milion\u00eb votuesve u \u00ebsht\u00eb ndryshuar qendra e votimit, si dhe nga fakti i ndryshimit t\u00eb hart\u00ebs gjyq\u00ebsore q\u00eb ka hyr\u00eb n\u00eb fuqi m\u00eb 1 maj, duke b\u00ebr\u00eb q\u00eb disa gjykata t\u00eb mbyllen.<\/p>\n\n\n\n<ul class=\"wp-block-list\"><li>KRIIK u b\u00ebn thirrje qytetar\u00ebve shqiptar\u00eb t\u00eb denoncojn\u00eb n\u00eb KQZ \u00e7do intimidim apo c\u00ebnim t\u00eb vullnetit, si dhe \u00e7do grumbullim individ\u00ebsh p\u00ebrreth qendrave t\u00eb votimit, duke rikujtuar se t\u00eb tilla grumbullime n\u00eb asnj\u00eb rast nuk jan\u00eb t\u00eb justifikuara, p\u00ebrkundrazi jan\u00eb t\u00eb ndaluara nga ligji.<\/li><\/ul>\n\n\n\n<ul class=\"wp-block-list\"><li>Qytetar\u00ebt duhet t\u00eb denoncojn\u00eb n\u00eb KQZ, n\u00ebp\u00ebrmjet linj\u00ebs telefonike apo kanaleve t\u00eb sigurta t\u00eb komunikimit t\u00eb v\u00ebna n\u00eb dispozicion, \u00e7do v\u00ebzhgues politik apo an\u00ebtar t\u00eb qendrave t\u00eb votimit t\u00eb cil\u00ebt gjat\u00eb dit\u00ebs s\u00eb votimit, tentojn\u00eb t\u00eb marrin sh\u00ebnim dhe njoftojn\u00eb subjektet politike p\u00ebr faktin e prezenc\u00ebs s\u00eb tyre n\u00eb QV apo t\u00eb votimit prej tyre.<\/li><\/ul>\n\n\n\n<ul class=\"wp-block-list\"><li>Qytetar\u00ebt duhet t\u00eb jen\u00eb solidar\u00eb me nj\u00ebri-tjetrin duke denoncuar \u00e7do rast intimidimi, k\u00ebrc\u00ebnimi apo blerje t\u00eb vot\u00ebs n\u00eb kanalet e sigurta t\u00eb komunikimit n\u00eb KQZ, apo n\u00eb grupet e gatshme t\u00eb punonj\u00ebsve t\u00eb policis\u00eb dhe prokuror\u00ebve q\u00eb do t\u00eb jen\u00eb n\u00eb terren, apo edhe n\u00eb faqen zyrtare t\u00eb internetit t\u00eb Prokuroris\u00eb s\u00eb P\u00ebrgjithshme dhe t\u00eb prokurorive t\u00eb juridiksionit t\u00eb p\u00ebrgjithsh\u00ebm.<\/li><\/ul>\n\n\n\n<p><strong><em><u>Tiran\u00eb, m\u00eb 8 maj 2023<\/u><\/em><\/strong><strong><em><u>!<\/u><\/em><\/strong><\/p>\n\n\n\n<hr class=\"wp-block-separator\"\/>\n\n\n\n<p><a href=\"#_ftnref1\" id=\"_ftn1\">[1]<\/a> <a>E Shkuara p\u00ebr t\u00eb Ardhmen &#8211; Kor\u00e7\u00eb;&nbsp; Epoka e Re \u2013 Fier;&nbsp; Forumi Civil Selenic\u00eb \u2013 Selenic\u00eb;&nbsp; Forumi i Gruas Elbasan &#8211; Elbasan;&nbsp; Gruaja Naft\u00ebtare n\u00eb Fokusin e Zhvillimit \u2013 Ku\u00e7ov\u00eb;&nbsp; Gruaja n\u00eb Zhvillim \u2013 Kor\u00e7\u00eb;&nbsp; Grupi Lokal i Veprimit Integrimi &#8211; Dib\u00ebr;&nbsp; L\u00ebvizja Rinore p\u00ebr Demokraci Puk\u00eb \u2013 Puk\u00eb;&nbsp; Mbrojtja e t\u00eb Drejtave t\u00eb Personave me Aft\u00ebsi t\u00eb Kufizuara (MEDPAK) \u2013 Librazhd;&nbsp; Nisma e Luleve &#8211; Sarand\u00eb;&nbsp; Platforma Komb\u00ebtare p\u00ebr Grat\u00eb \u2013 Fier;&nbsp; Shoqata Q\u00ebndistaret \u2013 Kor\u00e7\u00eb;&nbsp; Un\u00eb Gruaja &#8211; Pogradec;&nbsp; Qendra e K\u00ebshillimit t\u00eb Grave dhe Sh\u00ebrbimeve Sociale \u2013 Kuk\u00ebs;&nbsp; Qendra K\u00ebshillimore p\u00ebr Njer\u00ebzit me Aft\u00ebsi t\u00eb Kufizuar &#8211; Shkod\u00ebr;&nbsp; Qendra e Zhvillimit t\u00eb Shoq\u00ebris\u00eb Civile &#8211; Durr\u00ebs;&nbsp; Hand to Hand Against Nation Apathy \u2013 Lezh\u00eb;&nbsp; Qendra Rinore e Vlor\u00ebs \u2013 Vlor\u00eb;&nbsp; Shoqata Mbrojtja e t\u00eb Drejtave t\u00eb Gruas Fshatare dhe Qytetare \u2013 Berat;&nbsp; Shoqata Alpin \u2013 Tropoj\u00eb;&nbsp; Shoqata Ekspert\u00ebt e Rinj Mjedisor \u2013 Bulqiz\u00eb;&nbsp; Shoqata p\u00ebr Grat\u00eb dhe F\u00ebmij\u00ebt \u2013 Tiran\u00eb;&nbsp; Shoqata Rreze Shprese &#8211; Vau Dej\u00ebs;&nbsp; Shoqata Sebastia \u2013 Kurbin;&nbsp; Shoqata Dora Prind\u00ebrore \u2013 Kor\u00e7\u00eb;&nbsp; The Youth of Ura Vajgurore &#8211; Ura Vajgurore;&nbsp; Together for Roma Integration \u2013 Fier;&nbsp; Youth for Social Changes \u2013 Vor\u00eb;&nbsp; Power of Hope, Trust and Change \u2013 Gjirokast\u00ebr; Sindikata e Pavarur e Tipograf\u00ebve \u2013 Tiran\u00eb;&nbsp; si dhe Consulting and Development Partners \u2013 Shkod\u00ebr.<\/a><\/p>\n\n\n\n<p><a href=\"#_ftnref2\" id=\"_ftn2\">[2]<\/a> KRIIK i ka d\u00ebrguar Komisionit Qendror t\u00eb Zgjedhjeve 19 dokumente me rekomandime, nga t\u00eb cilat nj\u00ebri me rekomandime paraprake p\u00ebr ndryshime t\u00eb nevojshme n\u00eb hallkat n\u00eb vazhdim t\u00eb procesit, 16 raporte javore q\u00eb i p\u00ebrkojn\u00eb \u00e7do jave monitorimi nga data 13 janar 2023 kur ligji p\u00ebrcakton kufizimet apo detyrimet e institucioneve publike n\u00eb raport me procesin zgjedhor, raporte tw cilat pwrmbajnw shkelje tw karaktereve tw ndryshme, tetw denoncime t\u00eb ve\u00e7uara, etj.<\/p>\n\n\n\n<p><a href=\"#_ftnref3\" id=\"_ftn3\">[3]<\/a> <a href=\"https:\/\/kriik.al\/home\/raportimi-i-aktiviteteve-prej-institucioneve-publike\/#kontekst_afat_raportimi\">Paraqitja grafike<\/a> t\u00eb respektimit t\u00eb detyrimit ligjor p\u00ebr raportimin e aktiviteteve t\u00eb institucioneve publike, p\u00ebrgjat\u00eb periudh\u00ebs kat\u00ebr muaj nga data e zgjedhjeve (13 janar 2023).<\/p>\n\n\n\n<p><a href=\"#_ftnref4\" id=\"_ftn4\">[4]<\/a> <a href=\"https:\/\/kriik.al\/home\/shpenzime-per-reklama-politike-ne-facebook-dhe-instagram\/\">Paraqitja grafike e shpenzimeve p\u00ebr reklama politike<\/a> ne platformat sociale te kompanis\u00eb Meta (<em>Facebook dhe Instagram<\/em>), p\u00ebrgjat\u00eb periudh\u00ebs 24 tetor (dita e shpalljes se dat\u00ebs se zgjedhjeve nga Presidenti) deri n\u00eb dit\u00ebn e zgjedhjeve (14 maj 2023).<\/p>\n\n\n\n<p><a href=\"#_ftnref5\" id=\"_ftn5\">[5]<\/a> <a href=\"https:\/\/kriik.al\/home\/mbulimi-mediatik-i-subjekteve-zgjedhore-gjate-fushates\/\">Paraqitja grafike t\u00eb mbulimit t\u00eb subjekteve zgjedhore<\/a> gjat\u00eb fushat\u00ebs nga mediat audiovizive.&nbsp;<\/p>\n\n\n\n<p><a href=\"#_ftnref6\" id=\"_ftn6\">[6]<\/a> <a href=\"https:\/\/kriik.al\/home\/mbulimi-mediatik-i-kandidateve-ofiqareve-politike-apo-institcionale-gjate-fushates\/\">Paraqitja grafike e mbulimit t\u00eb kandidat\u00ebve \/ ofiqar\u00ebve politik\u00eb apo institucional\u00eb<\/a> gjat\u00eb fushat\u00ebs nga mediat audiovizive.<\/p>\n\n\n\n<p><a href=\"#_ftnref7\" id=\"_ftn7\">[7]<\/a> N\u00eb vijim t\u00eb metodologjis\u00eb s\u00eb tij t\u00eb monitorimit t\u00eb kufizuar p\u00ebr k\u00ebto zgjedhje, KRIIK do t\u00eb publikoj\u00eb pas dit\u00ebs s\u00eb zgjedhjeve, Deklarat\u00ebn Paraprake t\u00eb Gjetjeve dhe Konkluzioneve, si dhe nj\u00eb Raport Final t\u00eb plot\u00eb mbi sjelljen e t\u00ebr\u00eb aktor\u00ebve t\u00eb ngarkuar me detyra, dy muaj pas p\u00ebrfundimit t\u00eb zgjedhjeve.&nbsp;<\/p>\n\n\n\n<p><a href=\"#_ftnref8\" id=\"_ftn8\">[8]<\/a> KRIIK \u00ebsht\u00eb duke nxjerr\u00eb n\u00eb koh\u00eb reale mbulimin mediatik kumulativ bazuar n\u00eb raportet ditore t\u00eb AMA (mund t\u00eb shkarkohen n\u00eb <a href=\"https:\/\/kqz.gov.al\/raporte\/\">faqen e KQZ<\/a>). Bazuar n\u00eb k\u00ebto t\u00eb dh\u00ebna, KRIIK ka v\u00ebrejtur disbalanc\u00eb t\u00eb fort\u00eb n\u00eb mbulimin mediatik t\u00eb fushat\u00ebs nga mediat, vecan\u00ebrisht n\u00eb disa prej tyre.&nbsp;&nbsp; Nd\u00ebrkoh\u00eb, AMA ka d\u00ebrguar n\u00eb KQZ vet\u00ebm dy raporte p\u00ebrmbledh\u00ebse, ku p\u00ebrfshihen edhe rekomandime p\u00ebr adresimin e problematikave t\u00eb v\u00ebrejtura.<\/p>\n\n\n\n<p>KRIIK vler\u00ebson se mekanizmi monitorues \u00ebsht\u00eb shum\u00eb i ngadalt\u00eb dhe po tregon munges\u00eb eficence n\u00eb garantimin q\u00eb qytetar\u00ebt shiptar\u00eb t\u00eb marrin ifnormacion t\u00eb paansh\u00ebm p\u00ebrgjat\u00eb fushat\u00ebs.<\/p>\n\n\n\n<p>Paraqitjen grafike t\u00eb mbulimit mediatik t\u00eb p\u00ebrgatitur nga KRIIK, bazuar n\u00eb t\u00eb dh\u00ebnat e raporteve ditore t\u00eb AMA-s mund t\u2019i gjeni <a href=\"https:\/\/kriik.al\/home\/mbulimi-mediatik-i-subjekteve-zgjedhore-gjate-fushates\/\">k\u00ebtu<\/a> dhe <a href=\"https:\/\/kriik.al\/home\/mbulimi-mediatik-i-kandidateve-ofiqareve-politike-apo-institcionale-gjate-fushates\/\">k\u00ebtu<\/a>.<\/p>\n\n\n\n<p><a href=\"#_ftnref9\" id=\"_ftn9\">[9]<\/a> N\u00eb KQZ ka patur q\u00eb prej muajit shkurt 2023 deri n\u00eb dat\u00ebn 6 maj vet\u00ebm 15 aplikime p\u00ebr pozicionin e an\u00ebtarit q\u00eb mund t\u00eb em\u00ebrohet kryesisht n\u00eb KQV. Nd\u00ebrkoh\u00eb, n\u00eb dat\u00ebn 8 maj 2023 ky num\u00ebr \u00ebsht\u00eb rreth 900 individ\u00eb, nga t\u00eb cil\u00ebt rreth 700 kan\u00eb plot\u00ebsuar t\u00eb gjith\u00eb dokumentacionin e nevojsh\u00ebm bashk\u00ebshoq\u00ebrues.<\/p>\n\n\n\n<p><a href=\"#_ftnref10\" id=\"_ftn10\">[10]<\/a> An\u00ebtar\u00ebt e KQZ-ve duhet t\u00eb ishin em\u00ebruar qysh n\u00eb dat\u00ebn 14 prill 2023. Partit\u00eb duhet t\u00eb veprojn\u00eb sa m\u00eb shpejt n\u00eb m\u00ebnyr\u00eb q\u00eb t\u00eb garantohet plot\u00ebsimi i KQZ-ve me balanc\u00eb politike sikurse ligji p\u00ebrcakton, si dhe t\u00eb mos p\u00ebrs\u00ebritet situata e vitit 2022 ku komisioner\u00ebt e KQV-ve t\u00eb bashkis\u00eb Vor\u00eb, u em\u00ebruar m\u00ebngjesin e dit\u00ebs s\u00eb votimit.&nbsp;<\/p>\n\n\n\n<p><a href=\"#_ftnref11\" id=\"_ftn11\">[11]<\/a> Kodi Zgjedhor n\u00eb nenin 81 pika 3 jep kuptimin e nj\u00eb veprimtarie elektorale p\u00ebrgjat\u00eb fushat\u00ebs zgjedhore, e konkretisht: \u201cVeprimtaria ndjek q\u00ebllime elektorale kur ajo synon promovimin e arritjeve institucionale, t\u00eb investimeve, inaugurimeve ose ecurin\u00eb n\u00eb nd\u00ebrtimin e pun\u00ebve publike ose kur promovon aspekte specifike t\u00eb programit&nbsp; elektoral t\u00eb subjektit zgjedhor\u201d<\/p>\n","protected":false},"excerpt":{"rendered":"<p>Shkarko Qendrimin Publik ne pdf Me bindjen se zgjedhjet jan\u00eb guri i themelit t\u00eb nj\u00eb shoq\u00ebrie ku mbizot\u00ebron demokracia, t\u00eb drejtat e njeriut dhe zbatimi i ligjit, dhe se mang\u00ebsit\u00eb gjat\u00eb procesit zgjedhor do t\u00eb shpien n\u00eb mang\u00ebsi tek t\u00eb tre k\u00ebta element\u00eb thelb\u00ebsor\u00eb t\u00eb shtetit t\u00eb s\u00eb drejt\u00ebs n\u00eb \u00e7do shoq\u00ebri, KRIIK ka ndjekur&#8230;<\/p>\n","protected":false},"author":4,"featured_media":0,"comment_status":"closed","ping_status":"closed","sticky":false,"template":"","format":"standard","meta":{"om_disable_all_campaigns":false,"_monsterinsights_skip_tracking":false,"_monsterinsights_sitenote_active":false,"_monsterinsights_sitenote_note":"","_monsterinsights_sitenote_category":0,"footnotes":""},"categories":[148],"tags":[],"class_list":["post-2254","post","type-post","status-publish","format-standard","hentry","category-qendrime"],"aioseo_notices":[],"_links":{"self":[{"href":"https:\/\/kriik.al\/home\/wp-json\/wp\/v2\/posts\/2254","targetHints":{"allow":["GET"]}}],"collection":[{"href":"https:\/\/kriik.al\/home\/wp-json\/wp\/v2\/posts"}],"about":[{"href":"https:\/\/kriik.al\/home\/wp-json\/wp\/v2\/types\/post"}],"author":[{"embeddable":true,"href":"https:\/\/kriik.al\/home\/wp-json\/wp\/v2\/users\/4"}],"replies":[{"embeddable":true,"href":"https:\/\/kriik.al\/home\/wp-json\/wp\/v2\/comments?post=2254"}],"version-history":[{"count":4,"href":"https:\/\/kriik.al\/home\/wp-json\/wp\/v2\/posts\/2254\/revisions"}],"predecessor-version":[{"id":2608,"href":"https:\/\/kriik.al\/home\/wp-json\/wp\/v2\/posts\/2254\/revisions\/2608"}],"wp:attachment":[{"href":"https:\/\/kriik.al\/home\/wp-json\/wp\/v2\/media?parent=2254"}],"wp:term":[{"taxonomy":"category","embeddable":true,"href":"https:\/\/kriik.al\/home\/wp-json\/wp\/v2\/categories?post=2254"},{"taxonomy":"post_tag","embeddable":true,"href":"https:\/\/kriik.al\/home\/wp-json\/wp\/v2\/tags?post=2254"}],"curies":[{"name":"wp","href":"https:\/\/api.w.org\/{rel}","templated":true}]}}