{"id":2225,"date":"2023-04-26T12:02:15","date_gmt":"2023-04-26T10:02:15","guid":{"rendered":"https:\/\/kriik.al\/home\/?p=2225"},"modified":"2023-04-26T12:11:20","modified_gmt":"2023-04-26T10:11:20","slug":"rekomandim-lidhur-me-nderveprimin-ne-menyre-urgjente-midis-organeve-drejtuese-te-kqz-se-per-ndalimin-e-metejshem-te-shperdorimit-te-burimeve-shteterore-nepermjet-amendimit-ne-menyre-urgjente-2","status":"publish","type":"post","link":"https:\/\/kriik.al\/home\/2023\/04\/26\/rekomandim-lidhur-me-nderveprimin-ne-menyre-urgjente-midis-organeve-drejtuese-te-kqz-se-per-ndalimin-e-metejshem-te-shperdorimit-te-burimeve-shteterore-nepermjet-amendimit-ne-menyre-urgjente-2\/","title":{"rendered":"K\u00cbRKES\u00cb \u2013 P\u00ebr adresimin sa m\u00eb t\u00eb shpejt\u00eb t\u00eb disbalanc\u00ebs t\u00eb pasqyrimit mediatik t\u00eb subjekteve zgjedhore nga mediat audiovizuale"},"content":{"rendered":"\n<p>      <strong>I nderuar <\/strong><strong>z<\/strong><strong>. Komisioner!<\/strong><\/p>\n\n\n\n<p><strong>&nbsp;&nbsp;&nbsp;&nbsp; T\u00eb nderuar <\/strong><strong>A<\/strong><strong>n\u00ebtar\u00eb t\u00eb Bordit t\u00eb Autoritetit t\u00eb Medias Audiovizive!<\/strong>&nbsp;<\/p>\n\n\n\n<p><strong>\u00a0\u00a0\u00a0 \u00a0T\u00eb nderuar Koleg\u00eb t\u00eb Administrat\u00ebs s\u00eb KQZ-s\u00eb!<\/strong><\/p>\n\n\n\n<p>N\u00eb vazhd\u00ebn e monitorimit t\u00eb procesit p\u00ebr Zgjedhjet p\u00ebr Organet e Qeverisjes Vendore t\u00eb 14 majit 2023, KRIIK \u00ebsht\u00eb duke shkarkuar dhe p\u00ebrpunuar \u00e7do dit\u00eb raportet e prodhuar nga Autoriteti i Medias Audiovizive, duke i shkarkuar ato nga <a href=\"https:\/\/kqz.gov.al\/raporte\/\">faqja e internetit t\u00eb KQZ-s\u00eb<\/a>.<\/p>\n\n\n\n<p>Nga mbledhja e minutazhit t\u00eb p\u00ebrditsh\u00ebm dhe pasqyrimi i tyre n\u00eb nj\u00eb tabel\u00eb t\u00eb vetme, KRIIK evidenton me shqet\u00ebsim se <strong>nj\u00eb num\u00ebr mediash kan\u00eb disbalanc\u00eb t\u00eb lart\u00eb n\u00eb paraqitjen e subjekteve zgjedhore<\/strong>, si n\u00eb total, ashtu edhe n\u00eb kategorit\u00eb e mbulimit (edicione lajmesh, emisione dhe live).<\/p>\n\n\n\n<p>Nj\u00eb tjet\u00ebr shqet\u00ebsim madhor \u00ebsht\u00eb se <strong>nd\u00ebrkoh\u00eb q\u00eb fushata zgjedhore ka kaluar nj\u00eb t\u00eb tret\u00ebn (kan\u00eb kaluar tanim\u00eb nj\u00ebmb\u00ebdhjet\u00eb dit\u00eb fushat\u00eb), akoma nuk \u00ebsht\u00eb b\u00ebr\u00eb publik raporti p\u00ebrmbledh\u00ebs i par\u00eb i AMA-s dhe Komisioni Qendror i Zgjedhjeve nuk ka kryer asnj\u00eb mbledhje ku t\u00eb shqyrtoj\u00eb mbulimin mediatik, t\u00eb evidentoj\u00eb problematikat, <\/strong><strong>si <\/strong><strong>dhe t\u00eb nd\u00ebrmarr\u00eb masa p\u00ebr problematikat e v\u00ebrejtura<\/strong>.<\/p>\n\n\n\n<p>N\u00eb k\u00ebto kushte, KRIIK ju paraqet k\u00ebt\u00eb <strong>K\u00ebrkes\u00eb zyrtare, p\u00ebrfshi rekomandime konkrete n\u00eb lidhje me rritjen e eficenc\u00ebs s\u00eb mekanizmit<\/strong> q\u00eb synon garantimin e balanc\u00ebs n\u00eb pasqyrimin mediatik t\u00eb fushat\u00ebs zgjedhore dhe barazin\u00eb n\u00eb gar\u00eb gjat\u00eb k\u00ebsaj fushate.<\/p>\n\n\n\n<p>Si\u00e7 u p\u00ebrmend m\u00eb sip\u00ebr, KRIIK ka shkarkuar t\u00eb gjith\u00eb raportet ditor\u00eb t\u00eb AMA-s, postuar n\u00eb faqen e internetit t\u00eb KQZ-s\u00eb, ka mbledhur t\u00eb dh\u00ebnat nga t\u00eb gjith\u00eb raportet dhe ka krijuar nj\u00eb tabel\u00eb shumatore t\u00eb pasqyrimit deri n\u00eb k\u00ebt\u00eb moment (datat 14 prill \u2013 23 prill 2023). N\u00eb momentin q\u00eb kjo K\u00ebrkes\u00eb po p\u00ebrgatitet raporti me minutazhin e dat\u00ebs 24 nuk \u00ebsht\u00eb postuar ende n\u00eb faqen e KQZ-s\u00eb.<\/p>\n\n\n\n<p>Nga p\u00ebrmbledhja e kryer kemi <strong>evidentuar disbalanca t\u00eb forta n\u00eb mbulimin mediatik<\/strong> p\u00ebr disa media (n\u00eb shkelje t\u00eb pik\u00ebs 1 t\u00eb nenit 81 dhe pik\u00ebs 2a t\u00eb nenit 84 t\u00eb Kodit Zgjedhor).<\/p>\n\n\n\n<p>&nbsp;&nbsp;&nbsp;Bashk\u00eblidhur ju paraqesim nj\u00eb tabel\u00eb p\u00ebrmbledh\u00ebse me minutat e pasqyrimit p\u00ebr \u00e7do subjekt zgjedhor, n\u00eb \u00e7do media t\u00eb monitoruar nga AMA, p\u00ebr \u00e7do dat\u00eb (Lidhja 1).<\/p>\n\n\n\n<p>Kjo Lidhje vendoset n\u00eb dispozicion t\u00eb KQZ-s\u00eb vet\u00ebm p\u00ebr efekte ilustruese, pasi AMA dhe KQZ mund ta p\u00ebrllogarisin vet\u00eb totalin e minutazhit sipas raporteve ditore n\u00eb \u00e7do moment.<\/p>\n\n\n\n<p>P\u00ebr leht\u00ebsin\u00eb tuaj, ju njoftojm\u00eb gjithashtu se KRIIK \u00ebsht\u00eb duke i pasqyruar k\u00ebto t\u00eb dh\u00ebna edhe n\u00eb form\u00eb grafike, paraqitjen grafike mund ta shihni <a href=\"https:\/\/kriik.al\/home\/mbulimi-mediatik-i-subjekteve-zgjedhore-gjate-fushates\/\">k\u00ebtu<\/a>.<\/p>\n\n\n\n<p>Gjithashtu, KRIIK evidenton se <strong>mekanizmi i monitorimit dhe raportimit t\u00eb AMA-s n\u00eb KQZ dhe marrjes s\u00eb masave p\u00ebrkat\u00ebse nga kjo e fundit \u00ebsht\u00eb shum\u00eb i ngadalt\u00eb<\/strong> p\u00ebr t\u00eb evidentuar shkeljet dhe ndikuar n\u00eb m\u00ebnyr\u00eb dometh\u00ebn\u00ebse sjelljen e mediave gjat\u00eb fushat\u00ebs zgjedhore.<\/p>\n\n\n\n<p>Raportet ditore t\u00eb AMA-s nuk japin nj\u00eb panoram\u00eb t\u00eb qart\u00eb, pasi diferencat p\u00ebr \u00e7do dit\u00eb akumulohen dhe kjo nuk \u00ebsht\u00eb e mundur t\u00eb evidentohet n\u00eb raportet ditore aq qart\u00eb sa n\u00eb nj\u00eb p\u00ebrmbledhje t\u00eb gjetjeve.<\/p>\n\n\n\n<p><em>S\u00eb treti,<\/em> Kodi Zgjedhor KRIIK evidenton se n\u00eb pik\u00ebn 1 t\u00eb nenit 84 p\u00ebrcakton se \u201cN\u00eb radiot dhe televizionet private, pasqyrimi i fushat\u00ebs zgjedhore b\u00ebhet vet\u00ebm n\u00eb edicionet e zakonshme dhe t\u00eb posa\u00e7me informative.\u201d<\/p>\n\n\n\n<p>Referuar k\u00ebtij formulimi, pasqyrimi n\u00eb koh\u00eb reale i eventeve t\u00eb fushat\u00ebs (i quajtur \u201cLive\u201d n\u00eb raportet e monitorimit t\u00eb AMA-s) nuk duket t\u00eb jet\u00eb n\u00eb asnj\u00eb nga kategorit\u00eb.<\/p>\n\n\n\n<p>Nd\u00ebrkoh\u00eb, KRIIK v\u00eb n\u00eb dukje se pasqyrimi i eventeve LIVE z\u00eb nj\u00eb pjes\u00eb t\u00eb konsiderueshme t\u00eb pasqyrimit mediatik, m\u00eb shum\u00eb se nj\u00eb t\u00eb tret\u00ebn (shih Lidhjen 2 bashk\u00eblidhur).<\/p>\n\n\n\n<p>N\u00eb k\u00ebto kushte, KRIIK i rekomandon KQZ-s\u00eb dhe AMA-s:<\/p>\n\n\n\n<ol class=\"wp-block-list\" type=\"1\"><li>Sa m\u00eb shpejt <strong>t\u00eb marrin n\u00eb shqyrtim raportin e par\u00eb p\u00ebrmbledh\u00ebs t\u00eb monitorimit<\/strong> p\u00ebr dit\u00ebt e para t\u00eb fushat\u00ebs dhe t\u00eb marrin masa p\u00ebr shkeljet e evidentuara, n\u00ebse ka t\u00eb tilla.<\/li><li>AMA <strong>t\u00eb shtoj\u00eb n\u00eb formatin e raportimit ditor p\u00ebr KQZ-n\u00eb, p\u00ebrve\u00e7 gjetjeve p\u00ebr dit\u00ebn p\u00ebrkat\u00ebse, edhe nj\u00eb seksion me gjetje mbledh\u00ebse<\/strong> p\u00ebr dit\u00ebt deri n\u00eb at\u00eb moment, n\u00eb lidhje, s\u00eb paku, me minutazhin e pasqyrimit nga OSHMA-t.<\/li><\/ol>\n\n\n\n<p>Kjo do t\u00eb mund\u00ebsoj\u00eb nj\u00eb panoram\u00eb t\u00eb qart\u00eb t\u00eb gjendjes s\u00eb balanc\u00ebs n\u00eb pasqyrimin mediatik, gj\u00eb q\u00eb minutazhi p\u00ebr \u00e7do dit\u00eb nuk e mund\u00ebson.<\/p>\n\n\n\n<ol class=\"wp-block-list\" type=\"1\" start=\"3\"><li>KQZ <strong>t\u00eb p\u00ebrcaktoj\u00eb n\u00ebse transmetimi n\u00eb koh\u00eb reale i eventeve t\u00eb fushat\u00ebs (Kategoria \u201cLive\u201d) \u00ebsht\u00eb nj\u00eb kategori q\u00eb njihet kuadri ligjor shqiptar<\/strong> dhe ta ndaloj\u00eb at\u00eb n\u00ebse konsiderohet ndryshe.<\/li><\/ol>\n\n\n\n<p>Shkarko <a href=\"https:\/\/kriik.al\/home\/wp-content\/uploads\/2023\/04\/Lidhja_1-KRIIK-MinutatETransmetimitNgaOSHMA_periudha-14-23pril-20230426.xlsx\" target=\"_blank\" rel=\"noopener\" title=\"\">Lidhjen 1 &#8211; Minutat e transmetimit nga OSHMA-t, 14 &#8211; 23 prill<\/a><\/p>\n\n\n\n<p>Shkarko <a href=\"https:\/\/kriik.al\/home\/wp-content\/uploads\/2023\/04\/Lidhja_2-KRIIK-PerqindjaETransmetimitSipasKategorive_periudha14-23prill-20230426.xlsx\" target=\"_blank\" rel=\"noopener\" title=\"\">Lidhjen 2 &#8211; P\u00ebrqindja e transmetimit sipas kategorive t\u00eb mbulimit, 14 &#8211; 23 prill<\/a><\/p>\n","protected":false},"excerpt":{"rendered":"<p>I nderuar z. Komisioner! &nbsp;&nbsp;&nbsp;&nbsp; T\u00eb nderuar An\u00ebtar\u00eb t\u00eb Bordit t\u00eb Autoritetit t\u00eb Medias Audiovizive!&nbsp; \u00a0\u00a0\u00a0 \u00a0T\u00eb nderuar Koleg\u00eb t\u00eb Administrat\u00ebs s\u00eb KQZ-s\u00eb! N\u00eb vazhd\u00ebn e monitorimit t\u00eb procesit p\u00ebr Zgjedhjet p\u00ebr Organet e Qeverisjes Vendore t\u00eb 14 majit 2023, KRIIK \u00ebsht\u00eb duke shkarkuar dhe p\u00ebrpunuar \u00e7do dit\u00eb raportet e prodhuar nga Autoriteti i Medias&#8230;<\/p>\n","protected":false},"author":4,"featured_media":0,"comment_status":"closed","ping_status":"closed","sticky":false,"template":"","format":"standard","meta":{"om_disable_all_campaigns":false,"_monsterinsights_skip_tracking":false,"_monsterinsights_sitenote_active":false,"_monsterinsights_sitenote_note":"","_monsterinsights_sitenote_category":0,"footnotes":""},"categories":[146],"tags":[],"class_list":["post-2225","post","type-post","status-publish","format-standard","hentry","category-rekomandime"],"aioseo_notices":[],"_links":{"self":[{"href":"https:\/\/kriik.al\/home\/wp-json\/wp\/v2\/posts\/2225","targetHints":{"allow":["GET"]}}],"collection":[{"href":"https:\/\/kriik.al\/home\/wp-json\/wp\/v2\/posts"}],"about":[{"href":"https:\/\/kriik.al\/home\/wp-json\/wp\/v2\/types\/post"}],"author":[{"embeddable":true,"href":"https:\/\/kriik.al\/home\/wp-json\/wp\/v2\/users\/4"}],"replies":[{"embeddable":true,"href":"https:\/\/kriik.al\/home\/wp-json\/wp\/v2\/comments?post=2225"}],"version-history":[{"count":4,"href":"https:\/\/kriik.al\/home\/wp-json\/wp\/v2\/posts\/2225\/revisions"}],"predecessor-version":[{"id":2232,"href":"https:\/\/kriik.al\/home\/wp-json\/wp\/v2\/posts\/2225\/revisions\/2232"}],"wp:attachment":[{"href":"https:\/\/kriik.al\/home\/wp-json\/wp\/v2\/media?parent=2225"}],"wp:term":[{"taxonomy":"category","embeddable":true,"href":"https:\/\/kriik.al\/home\/wp-json\/wp\/v2\/categories?post=2225"},{"taxonomy":"post_tag","embeddable":true,"href":"https:\/\/kriik.al\/home\/wp-json\/wp\/v2\/tags?post=2225"}],"curies":[{"name":"wp","href":"https:\/\/api.w.org\/{rel}","templated":true}]}}