{"id":2216,"date":"2023-04-25T18:41:00","date_gmt":"2023-04-25T16:41:00","guid":{"rendered":"https:\/\/kriik.al\/home\/?p=2216"},"modified":"2023-09-01T15:42:43","modified_gmt":"2023-09-01T13:42:43","slug":"denoncim-nr-8-lidhur-me-afishimin-e-materialeve-propagandistike-statike-ne-rruget-interurbane-ne-disa-bashki-te-vendit","status":"publish","type":"post","link":"https:\/\/kriik.al\/home\/2023\/04\/25\/denoncim-nr-8-lidhur-me-afishimin-e-materialeve-propagandistike-statike-ne-rruget-interurbane-ne-disa-bashki-te-vendit\/","title":{"rendered":"DENONCIM Nr. 8\u00a0\u2013 Lidhur me zhvillimin e veprimtaris\u00eb s\u00eb ndaluar nga KQZ-ja, prej Bashkis\u00eb Tiran\u00eb, m\u00eb dat\u00ebn 17.04.2023\u00a0"},"content":{"rendered":"\n<hr class=\"wp-block-separator\"\/>\n\n\n\n<p class=\"has-text-align-center\"><strong>Shkarko <a href=\"https:\/\/kriik.al\/home\/wp-content\/uploads\/2023\/04\/KRIIK-1-7.pdf\" target=\"_blank\" rel=\"noreferrer noopener\">Denoncimin<\/a> ne pdf<\/strong><\/p>\n\n\n\n<hr class=\"wp-block-separator\"\/>\n\n\n\n<p><strong>I Nderuar Z. Komisioner!<\/strong><\/p>\n\n\n\n<p><strong>T\u00eb nderuar Koleg\u00eb t\u00eb Administrat\u00ebs s\u00eb KQZ-s\u00eb!<\/strong><\/p>\n\n\n\n<p>Duke ju fal\u00ebnderuar p\u00ebr bashk\u00ebpunimin n\u00eb vazhdim\u00ebsi, <strong>ju paraqesim m\u00eb posht\u00eb nj\u00eb denoncim t\u00eb KRIIK n\u00eb lidhje me zhvillimin e nj\u00eb aktiviteti, pavar\u00ebsisht ndalimit t\u00eb Komisionit Qendror t\u00eb Zgjedhjeve.<\/strong><\/p>\n\n\n\n<p>Me <a href=\"https:\/\/kqz.gov.al\/wp-content\/uploads\/2023\/04\/Vendim-nr.-367-date-1542023-Per-ndalimin-e-vepr_230415_154757.pdf\">Vendimin nr. 367 dat\u00eb 15.04.2023<\/a> Komisioneri Shtet\u00ebror i Zgjedhjeve ka vendosur ndalimin e zhvillimit t\u00eb tet\u00eb aktiviteteve t\u00eb raportuara p\u00ebr t\u2019u zhvilluar nga Bashkia Tiran\u00eb.<\/p>\n\n\n\n<p>Vendimmarrja \u00ebsht\u00eb bazuar n\u00eb arsyetimin se \u201cKomisioneri Shtet\u00ebror i Zgjedhjeve, nga t\u00eb dh\u00ebnat e paraqitura n\u00eb raportim ka konstatuar se, aktivitetet e raportuara nga institucioni publik, Bashkia Tiran\u00eb, me pjes\u00ebmarrjen e personave partiak\u00eb, n\u00eb kuad\u00ebr t\u00eb fushat\u00ebs zgjedhore, p\u00ebrb\u00ebjn\u00eb veprimtari t\u00eb ndaluara, n\u00eb kuptim t\u00eb nenit 91 t\u00eb ligjit nr. 10019, dat\u00eb 29.12.2008 \u201cKodi Zgjedhor i Republik\u00ebs s\u00eb Shqip\u00ebris\u00eb\u201d, t\u00eb ndryshuar.<\/p>\n\n\n\n<p>Nj\u00eb prej aktiviteteve t\u00eb ndaluara p\u00ebr t\u2019u zhvilluar ishte edhe ai me tem\u00eb <a href=\"https:\/\/aktivitete.kqz.gov.al\/2023\/04\/12\/takim-63\/\">\u201cTakim me Deputet\u00ebt dhe An\u00ebtar\u00ebt e rinj t\u00eb KB\u201d<\/a>, me vend zhvillimi: \u201cSelia PS\u201d, me dat\u00eb zhvillimi 17.4.2023, ora 17:30. Ky ndalim \u00ebsht\u00eb pasqyruar edhe <a href=\"https:\/\/aktivitete.kqz.gov.al\/category\/aktivitete-te-ndaluara\/\">n\u00eb nd\u00ebrfaqen e aktiviteteve t\u00eb ndaluara<\/a> nga KQZ.<\/p>\n\n\n\n<p>KRIIK angazhoi nj\u00eb monitorues i cili n\u00eb dit\u00ebn dhe or\u00ebn e caktuar ishte prezent n\u00eb selin\u00eb e PS p\u00ebr t\u00eb monitoruar n\u00ebse takimi do t\u00eb kryhej.<\/p>\n\n\n\n<p>Pavar\u00ebsisht se monitoruesit t\u00eb KRIIK iu ndalua hyrja n\u00eb selin\u00eb PS q\u00eb t\u00eb mund ta v\u00ebzhgonte drejtp\u00ebrdrejt kryerjen e aktivitetit (megjith\u00ebse i pajisur me akreditimin si v\u00ebzhgues prej Komisionit Qendror t\u00eb Zgjedhjeve), nga bisedat me persona t\u00eb grumbulluar n\u00eb hyrjen e selis\u00eb s\u00eb PS ai mundi t\u00eb konfirmonte se <strong><u>aktiviteti <\/u><\/strong><strong><u>u <\/u><\/strong><strong><u>zhvillua pavar\u00ebsisht ndalimit t\u00eb vendosur nga KQZ<\/u><\/strong>.&nbsp;<\/p>\n\n\n\n<p>P\u00ebr sa m\u00eb sip\u00ebr<strong>, KRIIK denoncon me ashp\u00ebrsi k\u00ebt\u00eb sfid\u00eb t\u00eb zbatimit t\u00eb ligjit dhe Institucionit t\u00eb KQZ-s\u00eb, t\u00eb disat\u00ebn e k\u00ebtij lloji<\/strong>.<\/p>\n\n\n\n<p>N\u00eb gjykimin e KRIIK, <strong>KQZ-ja <\/strong><strong>nevojitet t\u00eb tregoj\u00eb ashp\u00ebrsin\u00eb e ligjit ndaj atyre q\u00eb e sfidojn\u00eb at\u00eb<\/strong>, nga nj\u00ebra an\u00eb, si dhe <strong>funksionalitetin e mekanizmit t\u00eb nd\u00ebrtuar<\/strong> pas reform\u00ebs zgjedhore t\u00eb vitit 2020 <strong>p\u00ebr t\u00eb parandaluar abuzimin me burimet shtet\u00ebrore<\/strong>, nga ana tjet\u00ebr.<\/p>\n\n\n\n<p>Nj\u00eb q\u00ebndrim pasiv apo interpretues ndaj ligjit \u00e7on n\u00eb anashkalimin e tij n\u00eb vazhdim\u00ebsi, si\u00e7 e tregon m\u00eb s\u00eb miri ky rast i p\u00ebrs\u00ebritur i injorimit t\u00eb vendimeve t\u00eb KQZ-s\u00eb prej zyrtar\u00ebve publik\u00eb, n\u00eb favor t\u00eb Partis\u00eb Socialiste t\u00eb Shqip\u00ebris\u00eb.<\/p>\n\n\n\n<p>N\u00eb gjykimin e KRIIK, <strong>KQZ-ja nevojitet t\u00eb sanksionoj\u00eb p\u00ebrpos titullar\u00ebve vendor\u00eb edhe subjektin zgjedhor \u201cPartia Socialiste e Shqip\u00ebris\u00eb\u201d,<\/strong> e cila \u00ebsht\u00eb p\u00ebrfituesja kryesore nga ky aktivitet i ndaluar (neni 172 pika 1 e Kodit Zgjedhor).<\/p>\n","protected":false},"excerpt":{"rendered":"<p>Shkarko Denoncimin ne pdf I Nderuar Z. Komisioner! T\u00eb nderuar Koleg\u00eb t\u00eb Administrat\u00ebs s\u00eb KQZ-s\u00eb! Duke ju fal\u00ebnderuar p\u00ebr bashk\u00ebpunimin n\u00eb vazhdim\u00ebsi, ju paraqesim m\u00eb posht\u00eb nj\u00eb denoncim t\u00eb KRIIK n\u00eb lidhje me zhvillimin e nj\u00eb aktiviteti, pavar\u00ebsisht ndalimit t\u00eb Komisionit Qendror t\u00eb Zgjedhjeve. Me Vendimin nr. 367 dat\u00eb 15.04.2023 Komisioneri Shtet\u00ebror i Zgjedhjeve ka&#8230;<\/p>\n","protected":false},"author":4,"featured_media":0,"comment_status":"closed","ping_status":"closed","sticky":false,"template":"","format":"standard","meta":{"om_disable_all_campaigns":false,"_monsterinsights_skip_tracking":false,"_monsterinsights_sitenote_active":false,"_monsterinsights_sitenote_note":"","_monsterinsights_sitenote_category":0,"footnotes":""},"categories":[161],"tags":[],"class_list":["post-2216","post","type-post","status-publish","format-standard","hentry","category-denoncime"],"aioseo_notices":[],"_links":{"self":[{"href":"https:\/\/kriik.al\/home\/wp-json\/wp\/v2\/posts\/2216","targetHints":{"allow":["GET"]}}],"collection":[{"href":"https:\/\/kriik.al\/home\/wp-json\/wp\/v2\/posts"}],"about":[{"href":"https:\/\/kriik.al\/home\/wp-json\/wp\/v2\/types\/post"}],"author":[{"embeddable":true,"href":"https:\/\/kriik.al\/home\/wp-json\/wp\/v2\/users\/4"}],"replies":[{"embeddable":true,"href":"https:\/\/kriik.al\/home\/wp-json\/wp\/v2\/comments?post=2216"}],"version-history":[{"count":3,"href":"https:\/\/kriik.al\/home\/wp-json\/wp\/v2\/posts\/2216\/revisions"}],"predecessor-version":[{"id":2618,"href":"https:\/\/kriik.al\/home\/wp-json\/wp\/v2\/posts\/2216\/revisions\/2618"}],"wp:attachment":[{"href":"https:\/\/kriik.al\/home\/wp-json\/wp\/v2\/media?parent=2216"}],"wp:term":[{"taxonomy":"category","embeddable":true,"href":"https:\/\/kriik.al\/home\/wp-json\/wp\/v2\/categories?post=2216"},{"taxonomy":"post_tag","embeddable":true,"href":"https:\/\/kriik.al\/home\/wp-json\/wp\/v2\/tags?post=2216"}],"curies":[{"name":"wp","href":"https:\/\/api.w.org\/{rel}","templated":true}]}}