{"id":2103,"date":"2023-04-14T18:42:00","date_gmt":"2023-04-14T16:42:00","guid":{"rendered":"https:\/\/kriik.al\/home\/?p=2103"},"modified":"2023-09-01T15:47:44","modified_gmt":"2023-09-01T13:47:44","slug":"kerkese-per-ngritjen-dhefunksionimin-e-sporteleve-teperkohshme-te-sekretarivegjyqesore-ne-te-61-zonatzgjedhore-bashkite-ne-vend","status":"publish","type":"post","link":"https:\/\/kriik.al\/home\/2023\/04\/14\/kerkese-per-ngritjen-dhefunksionimin-e-sporteleve-teperkohshme-te-sekretarivegjyqesore-ne-te-61-zonatzgjedhore-bashkite-ne-vend\/","title":{"rendered":"K\u00cbRKES\u00cb \u2013 P\u00ebr ngritjen dhe funksionimin e sporteleve t\u00eb p\u00ebrkohshme t\u00eb sekretarive gjyq\u00ebsore n\u00eb t\u00eb 61 Zonat Zgjedhore \/ Bashkit\u00eb n\u00eb vend."},"content":{"rendered":"\n<hr class=\"wp-block-separator\"\/>\n\n\n\n<p class=\"has-text-align-center\"><strong>Shkarko <a href=\"https:\/\/kriik.al\/home\/wp-content\/uploads\/2023\/04\/KRIIK-KERKESE-KLGJteNgrejeSporteleSekretarieGjyqesoreNe61TeBashkite-20230414.pdf\" target=\"_blank\" rel=\"noreferrer noopener\">Dokumentin<\/a> e d\u00ebrguar KLGJ-s\u00eb.<\/strong><\/p>\n\n\n\n<hr class=\"wp-block-separator\"\/>\n\n\n\n<p class=\"has-text-align-right\"><strong><u>Drejtuar<\/u><\/strong><strong>: &nbsp;&nbsp;&nbsp;&nbsp;&nbsp;&nbsp;&nbsp;&nbsp;&nbsp;&nbsp;&nbsp; K\u00ebshillit t\u00eb Lart\u00eb Gjyq\u00ebsor<\/strong><\/p>\n\n\n\n<p class=\"has-text-align-right\"><strong>Kryetar<\/strong><strong>es <\/strong><strong>znj. Naureda LLAGAMI<\/strong><\/p>\n\n\n\n<p class=\"has-text-align-right\"><strong><em><u>P\u00ebr dijeni<\/u>:<\/em> &nbsp;&nbsp;&nbsp;&nbsp;&nbsp;&nbsp;&nbsp;&nbsp;&nbsp;&nbsp;<a href=\"https:\/\/kriik.al\/home\/2023\/04\/20\/kerkese-per-ngritjen-dhefunksionimin-e-sporteleve-teperkohshme-te-sekretarivegjyqesore-ne-te-61-zonatzgjedhore-bashkite-ne-vend-2\/\" target=\"_blank\" rel=\"noopener\" title=\"\"> Komisionit Qendror t\u00eb Zgjedhjeve<\/a><\/strong><\/p>\n\n\n\n<p class=\"has-text-align-right\"><strong>Komisionerit Shtet\u00ebror t\u00eb Zgjedhjeve<\/strong><\/p>\n\n\n\n<p class=\"has-text-align-right\"><strong>z. Ilirjan CELIBASHI<\/strong><\/p>\n\n\n\n<p class=\"has-text-align-right\"><strong>Subjekteve Zgjedhore t\u00eb regjistruara p\u00ebr Zgjedhjet Vendore t\u00eb 14 majit 2023<\/strong><\/p>\n\n\n\n<p class=\"has-text-align-right\"><strong>Misionit t\u00eb OSBE\/ODIHR n\u00eb Shqip\u00ebri<\/strong><\/p>\n\n\n\n<p class=\"has-text-align-right\"><strong>Trupit Diplomatik dhe Organizatave Nd\u00ebrkomb\u00ebtare me seli n\u00eb Tiran\u00eb<\/strong><\/p>\n\n\n\n<p><\/p>\n\n\n\n<p class=\"has-text-align-right\"><strong><u>L\u00ebnda<\/u>:&nbsp;&nbsp;&nbsp;&nbsp;&nbsp;&nbsp;&nbsp;&nbsp;&nbsp;&nbsp;&nbsp;&nbsp;&nbsp;&nbsp;&nbsp;&nbsp;&nbsp; K\u00cbRKES\u00cb \u2013 P\u00ebr ngritjen dhe funksionimin e sporteleve t\u00eb p\u00ebrkohshme t\u00eb sekretarive gjyq\u00ebsore n\u00eb t\u00eb 61 Zonat Zgjedhore \/ Bashkit\u00eb n\u00eb vend.<\/strong><\/p>\n\n\n\n<p><strong>E nderuar znj. Kryetare!<\/strong><\/p>\n\n\n\n<p>N\u00eb em\u00ebr t\u00eb Koalicionit p\u00ebr Reforma, Integrim dhe Institucione t\u00eb Konsoliduara (KRIIK), Ju fal\u00ebnderojm\u00eb p\u00ebr takimin e realizuar n\u00eb dat\u00ebn 13 mars 2023 midis p\u00ebrfaq\u00ebsuesve t\u00eb KRIIK dhe Institucionit tuaj.<\/p>\n\n\n\n<p>Sikurse u diskutua dhe dakord\u00ebsua gjat\u00eb takimit, <strong>po Ju parashtrojm\u00eb <\/strong><strong>tanim\u00eb <\/strong><strong>edhe zyrtarisht m\u00eb posht\u00eb K\u00ebrkes<\/strong><strong>\u00ebn e <\/strong><strong>KRIIK<\/strong>, mbi hapat konkret\u00eb q\u00eb n\u00eb gjykimin ton\u00eb mund t\u00eb nd\u00ebrmerren prej KLGJ-s\u00eb p\u00ebr t\u00eb kontribuar dhe garantuar p\u00ebrmbushjen apo p\u00ebrmir\u00ebsimin e standardeve t\u00eb procesit zgjedhor, e konkretisht t\u00eb Zgjedhjeve p\u00ebr Organet e Qeverisjes Vendore t\u00eb 14 majit 2023.<\/p>\n\n\n\n<p>Sjellim s\u00ebrish dhe paraprakisht n\u00eb v\u00ebmendjen tuaj se sigurimi i s\u00eb drejt\u00ebs s\u00eb qytetarit p\u00ebr t\u00eb votuar aty ku ka vendbanimin, si dhe leht\u00ebsimi i procesit t\u00eb korrigjimit t\u00eb p\u00ebrb\u00ebr\u00ebsve zgjedhor\u00eb pas shpalljes s\u00eb list\u00ebs finale t\u00eb zgjedh\u00ebsve, <strong>\u00ebsht\u00eb jo vet\u00ebm nj\u00eb detyrim ligjor por <\/strong><strong>edhe <\/strong><strong>nj\u00eb e drejt\u00eb thelb\u00ebsore q\u00eb shteti duhet t\u2019i siguroj\u00eb qytetarit, t\u00eb drejt\u00ebn p\u00ebr t\u00eb votuar<\/strong>.<\/p>\n\n\n\n<p>Kodi Zgjedhor n\u00eb nenin 57 \u201cVendimet gjyq\u00ebsore pas hartimit t\u00eb list\u00ebs s\u00eb zgjedh\u00ebsve\u201d p\u00ebrcakton se:<\/p>\n\n\n\n<p><em>\u201c1. Kur zgjedh\u00ebsi v\u00ebren se p\u00ebrb\u00ebr\u00ebsi i tij zgjedhor p\u00ebrmban pasakt\u00ebsi, nuk \u00ebsht\u00eb i regjistruar n\u00eb list\u00ebn e zgjedh\u00ebsve t\u00eb zon\u00ebs s\u00eb qendr\u00ebs s\u00eb votimit t\u00eb vendbanimit t\u00eb tij ose nuk \u00ebsht\u00eb regjistruar fare n\u00eb ndonj\u00eb nga listat e nj\u00ebsis\u00eb s\u00eb qeverisjes vendore ku ai ka vendbanimin, ai ka t\u00eb drejt\u00eb t\u00eb paraqes\u00eb k\u00ebrkes\u00eb n\u00eb gjykat\u00ebn e rrethit gjyq\u00ebsor p\u00ebrkat\u00ebs deri 24 or\u00eb p\u00ebrpara dat\u00ebs s\u00eb zgjedhjeve. K\u00ebrkesa, sipas k\u00ebsaj pike, p\u00ebrjashtohet nga taksat gjyq\u00ebsore. &#8230;<\/em><\/p>\n\n\n\n<p><em>3. Gjykatat e rretheve gjyq\u00ebsore shqyrtojn\u00eb dhe vendosin n\u00eb lidhje me k\u00ebrkesat, sipas pik\u00ebs 1 t\u00eb k\u00ebtij neni, si n\u00eb dit\u00ebn e fundit para zgjedhjeve, edhe n\u00eb dit\u00ebn e zgjedhjeve, por jo m\u00eb von\u00eb se 6 or\u00eb p\u00ebrpara mbylljes s\u00eb votimit. N\u00eb rastin kur vendimi gjyq\u00ebsor b\u00ebn korrigjimin e p\u00ebrb\u00ebr\u00ebsve zgjedhor\u00eb, p\u00ebrcaktohet qart\u00eb p\u00ebrb\u00ebr\u00ebsi zgjedhor q\u00eb ndryshohet. Kur sakt\u00ebsohet qendra e votimit ose zgjedh\u00ebsi shtohet n\u00eb list\u00eb, vendimi gjyq\u00ebsor p\u00ebrcakton qendr\u00ebn e votimit ku zgjedh\u00ebsi do t\u00eb votoj\u00eb dhe numrin e dokumentit t\u00eb identifikimit. &#8230;\u201d.<\/em><\/p>\n\n\n\n<p>Aktualisht, lista finale e zgjedh\u00ebsve \u00ebsht\u00eb shpallur dhe e vetmja m\u00ebnyr\u00eb p\u00ebr ata zgjedh\u00ebs, q\u00eb nuk e kan\u00eb tanim\u00eb emrin n\u00eb list\u00ebn e qendr\u00ebs s\u00eb votimit ku kan\u00eb vendbanimin p\u00ebr t\u2019u p\u00ebrfshir\u00eb n\u00eb list\u00eb dhe p\u00ebr t\u00eb votuar, &nbsp;\u00ebsht\u00eb n\u00ebp\u00ebrmjet nj\u00eb vendimi gjykate.<\/p>\n\n\n\n<p>E nj\u00ebjta procedur\u00eb duhet t\u00eb ndiqet edhe kur zgjedh\u00ebsi konstaton se n\u00eb list\u00ebn e zgjedh\u00ebsve figurojn\u00eb pasakt\u00ebsi n\u00eb p\u00ebrb\u00ebr\u00ebsit e tij zgjedhor\u00eb.<\/p>\n\n\n\n<p>Me aplikimin e hart\u00ebs s\u00eb re gjyq\u00ebsore q\u00eb hyn n\u00eb fuqi m\u00eb dat\u00ebn 1 maj 2023, qasja e qytetar\u00ebve n\u00eb gjykata do t\u00eb jet\u00eb m\u00eb e v\u00ebshtir\u00eb, duke qen\u00eb se disa prej gjykatave do t\u00eb shkrihen.<\/p>\n\n\n\n<p>Nga ana tjet\u00ebr, n\u00eb k\u00ebto zgjedhje, sikurse \u00ebsht\u00eb konstatuar nga audit\u00ebt dhe pranuar edhe nga organet p\u00ebrgjegj\u00ebse, rreth 1.2 milion\u00eb zgjedh\u00ebsve iu \u00ebsht\u00eb nd\u00ebrruar qendra e votimit, ku ata votonin m\u00eb p\u00ebrpara.<\/p>\n\n\n\n<p>Kjo gj\u00eb <strong>mund t\u00eb sjell\u00eb <\/strong><strong>jo vet\u00ebm <\/strong><strong>konfuzion tek zgjedh\u00ebsit<\/strong> apo v\u00ebshtir\u00ebsi p\u00ebr t\u00eb votuar n\u00eb dit\u00ebn e zgjedhjeve, por edhe mundet q\u00eb ta b\u00ebj\u00eb praktikisht <strong>t\u00eb pamundur ushtrimin e s\u00eb drejt\u00ebs s\u00eb vot\u00ebs prej tyre<\/strong>.<\/p>\n\n\n\n<p>Ky mekaniz\u00ebm njihet tashm\u00eb si mund\u00ebsi nga qytetar\u00ebt, megjith\u00ebse pranohet se n\u00eb zgjedhjet e m\u00ebparshme numri i zgjedh\u00ebsve q\u00eb kan\u00eb votuar me vendim gjykate nuk ka qen\u00eb i konsideruesh\u00ebm. &nbsp;&nbsp;&nbsp;Ashtu sikurse pranohet se ka patur raste q\u00eb zgjedh\u00ebs, t\u00eb cil\u00ebt nuk kishin nj\u00eb Gjykat\u00eb t\u00eb Rrethit Gjyq\u00ebsor pran\u00eb vendbanimit t\u00eb tyre, nuk e kan\u00eb shfryt\u00ebzuar k\u00ebt\u00eb mekaniz\u00ebm, t\u00eb fundit n\u00eb dispozicion, duke ngelur pa votuar.<\/p>\n\n\n\n<p>Aktualisht n\u00eb k\u00ebto zgjedhje, p\u00ebr shkak t\u00eb situat\u00ebs s\u00eb lartp\u00ebrmendur, me gjas\u00eb numri i qytetar\u00ebve q\u00eb mund t\u00eb k\u00ebrkojn\u00eb t\u00eb votojn\u00eb me vendim gjykate mund t\u00eb jet\u00eb m\u00eb i lart\u00eb.<\/p>\n\n\n\n<p>Gjith\u00ebsesi, n\u00eb \u00e7do rast, sillet n\u00eb v\u00ebm\u00ebndje se Kushtetuata dhe ligji parashikojn\u00eb detyrimin e shtetit shqiptar dhe institucioneve t\u00eb tij q\u00eb t\u2019i sigurojn\u00eb t\u00eb drejt\u00ebn e ushtrimit t\u00eb vot\u00ebs \u00e7do zgjedh\u00ebsi, ndaj n\u00eb k\u00ebt\u00eb pik\u00ebpamje, <strong>kjo e drejt\u00eb nuk mund t\u2019i mohohet p\u00ebr asnj\u00eb shkak qoft\u00eb edhe nj\u00eb qytetari t\u00eb vet\u00ebm<\/strong>.<\/p>\n\n\n\n<p>N\u00eb k\u00ebto kushte, n\u00eb vijim\u00ebsi t\u00eb sugjerimit t\u00eb parashtruar n\u00eb takimin e zhvilluar, <strong>KRIIK<\/strong><\/p>\n\n\n\n<p><strong>ju paraqet zyrtarisht K\u00ebrkes\u00ebn q\u00eb<\/strong> <strong>Institucioni i <\/strong><strong>K<\/strong><strong>\u00ebshillit t\u00eb Lart\u00eb Gjyq\u00ebsor t\u00eb nd\u00ebrmarr\u00eb hapat e nevojsh\u00ebm procedurial\u00eb e institucional\u00eb, <\/strong>duke siguruar q\u00eb Gjykatat e Shkall\u00ebs s\u00eb Par\u00eb n\u00eb t\u00eb gjith\u00eb vendin t\u00eb jen\u00eb t\u00eb v\u00ebmendshme ndaj k\u00ebsaj situate dhe <strong>t\u00eb marrin masa<\/strong><strong>t e duhura p\u00ebr t\u00eb trajtuar me prioritet dhe n\u00eb koh\u00ebn m\u00eb t\u00eb shkurt\u00ebr <\/strong><strong>k\u00ebrkesat e qytetar\u00ebve q\u00eb <\/strong><strong>k\u00ebrkojn\u00eb t\u00eb votojn\u00eb me vendim gjykate.<\/strong><\/p>\n\n\n\n<p>Gjithashtu konsiderohet e nevojshme q\u00eb<strong> t\u00eb mund\u00ebsohet q\u00eb <\/strong><strong>sportelet<\/strong><strong> p\u00ebrkat\u00ebse pran\u00eb bashkive <\/strong><strong>t\u00eb jen\u00eb n\u00eb funksionim deri n\u00eb or\u00ebt e vona t\u00eb dit\u00ebs s\u00eb <\/strong><strong>premte dat\u00eb 12.05.2023, <\/strong>sikurse parashikohet nga Kodit Zgjedhor, p\u00ebr t\u00eb marr\u00eb k\u00ebrkesat e mundshme prej qytetar\u00ebve.<\/p>\n\n\n\n<p>Po ashtu, k\u00ebto sportele<strong> nevojitet t\u00eb rrin\u00eb hapur gjat\u00eb dit\u00ebs s\u00eb shtun\u00eb dhe dit\u00ebn e diel\u00eb deri n\u00eb ora 13.00 p\u00ebr t\u00eb leht\u00ebsuar dhe siguruar dh\u00ebnien e vendimeve respektive t\u00eb marr\u00eb nga gjykatat mbi baz\u00ebn e k\u00ebrkesave t\u00eb paraqituara.<\/strong><\/p>\n\n\n\n<p>KRIIK ju p\u00ebrcjell, gjithashtu,<strong> shqet\u00ebsimin se \u00ebsht\u00eb e pamjaftueshme q\u00eb sportelet t\u00eb punojn\u00eb vet\u00ebm n\u00eb Bashkit\u00eb n\u00eb t\u00eb cilat shkrihen Gjykatat e Rrethit Gjyq\u00ebsor, pasi ato objektivisht e v\u00ebshtir\u00ebsojn\u00eb apo dhe e b\u00ebjn\u00eb t\u00eb pamundur aksesin e qytetar\u00ebve n\u00eb Gjykat\u00eb p\u00ebr shkak t\u00eb larg\u00ebsis\u00eb gjeografike.<\/strong><\/p>\n\n\n\n<p><strong>N\u00eb k\u00ebto kushte, KRIIK ju nxit ta shqyrtoni me seriozitet k\u00ebt\u00eb problematik\u00eb dhe t\u00eb mund\u00ebsoni ngritjen e sporteleve t\u00eb sekretaris\u00eb s\u00eb p\u00ebrkohshme gjyq\u00ebsore n\u00eb secil\u00ebn prej 61 Bashkive t\u00eb vendit.<\/strong><\/p>\n\n\n\n<p><\/p>\n","protected":false},"excerpt":{"rendered":"<p>Shkarko Dokumentin e d\u00ebrguar KLGJ-s\u00eb. Drejtuar: &nbsp;&nbsp;&nbsp;&nbsp;&nbsp;&nbsp;&nbsp;&nbsp;&nbsp;&nbsp;&nbsp; K\u00ebshillit t\u00eb Lart\u00eb Gjyq\u00ebsor Kryetares znj. Naureda LLAGAMI P\u00ebr dijeni: &nbsp;&nbsp;&nbsp;&nbsp;&nbsp;&nbsp;&nbsp;&nbsp;&nbsp;&nbsp; Komisionit Qendror t\u00eb Zgjedhjeve Komisionerit Shtet\u00ebror t\u00eb Zgjedhjeve z. Ilirjan CELIBASHI Subjekteve Zgjedhore t\u00eb regjistruara p\u00ebr Zgjedhjet Vendore t\u00eb 14 majit 2023 Misionit t\u00eb OSBE\/ODIHR n\u00eb Shqip\u00ebri Trupit Diplomatik dhe Organizatave Nd\u00ebrkomb\u00ebtare me seli n\u00eb Tiran\u00eb L\u00ebnda:&nbsp;&nbsp;&nbsp;&nbsp;&nbsp;&nbsp;&nbsp;&nbsp;&nbsp;&nbsp;&nbsp;&nbsp;&nbsp;&nbsp;&nbsp;&nbsp;&nbsp;&#8230;<\/p>\n","protected":false},"author":4,"featured_media":0,"comment_status":"closed","ping_status":"closed","sticky":false,"template":"","format":"standard","meta":{"om_disable_all_campaigns":false,"_monsterinsights_skip_tracking":false,"_monsterinsights_sitenote_active":false,"_monsterinsights_sitenote_note":"","_monsterinsights_sitenote_category":0,"footnotes":""},"categories":[146],"tags":[],"class_list":["post-2103","post","type-post","status-publish","format-standard","hentry","category-rekomandime"],"aioseo_notices":[],"_links":{"self":[{"href":"https:\/\/kriik.al\/home\/wp-json\/wp\/v2\/posts\/2103","targetHints":{"allow":["GET"]}}],"collection":[{"href":"https:\/\/kriik.al\/home\/wp-json\/wp\/v2\/posts"}],"about":[{"href":"https:\/\/kriik.al\/home\/wp-json\/wp\/v2\/types\/post"}],"author":[{"embeddable":true,"href":"https:\/\/kriik.al\/home\/wp-json\/wp\/v2\/users\/4"}],"replies":[{"embeddable":true,"href":"https:\/\/kriik.al\/home\/wp-json\/wp\/v2\/comments?post=2103"}],"version-history":[{"count":6,"href":"https:\/\/kriik.al\/home\/wp-json\/wp\/v2\/posts\/2103\/revisions"}],"predecessor-version":[{"id":2623,"href":"https:\/\/kriik.al\/home\/wp-json\/wp\/v2\/posts\/2103\/revisions\/2623"}],"wp:attachment":[{"href":"https:\/\/kriik.al\/home\/wp-json\/wp\/v2\/media?parent=2103"}],"wp:term":[{"taxonomy":"category","embeddable":true,"href":"https:\/\/kriik.al\/home\/wp-json\/wp\/v2\/categories?post=2103"},{"taxonomy":"post_tag","embeddable":true,"href":"https:\/\/kriik.al\/home\/wp-json\/wp\/v2\/tags?post=2103"}],"curies":[{"name":"wp","href":"https:\/\/api.w.org\/{rel}","templated":true}]}}